{"id":9235,"date":"2020-10-22T15:45:47","date_gmt":"2020-10-22T13:45:47","guid":{"rendered":"https:\/\/algalia.com\/gl\/?p=9235"},"modified":"2021-04-08T15:11:43","modified_gmt":"2021-04-08T13:11:43","slug":"a-pragmatica-da-valentia","status":"publish","type":"post","link":"https:\/\/algalia.com\/gl\/a-pragmatica-da-valentia\/","title":{"rendered":"A Pragm\u00e1tica da Valent\u00eda"},"content":{"rendered":"<p><img decoding=\"async\" loading=\"lazy\" class=\"alignnone wp-image-9236 size-large\" src=\"https:\/\/algalia.com\/wp-content\/uploads\/2020\/10\/201029-DHO-Valent\u00eda-788x1024.jpg\" alt=\"\" width=\"788\" height=\"1024\" srcset=\"https:\/\/algalia.com\/wp-content\/uploads\/2020\/10\/201029-DHO-Valent\u00eda-788x1024.jpg 788w, https:\/\/algalia.com\/wp-content\/uploads\/2020\/10\/201029-DHO-Valent\u00eda-231x300.jpg 231w, https:\/\/algalia.com\/wp-content\/uploads\/2020\/10\/201029-DHO-Valent\u00eda-768x998.jpg 768w, https:\/\/algalia.com\/wp-content\/uploads\/2020\/10\/201029-DHO-Valent\u00eda-610x793.jpg 610w\" sizes=\"(max-width: 788px) 100vw, 788px\" \/><\/p>\n<p>Para esta conversa contaremos coa participaci\u00f3n de:<\/p>\n<ul>\n<li>Sara Rodr\u00edguez, enfermeira no Hospital Cruz Vermella Espa\u00f1ola. Xix\u00f3n.\u00a0<a href=\"http:\/\/www.hospitalcrgijon.com\/\" target=\"_blank\" rel=\"noopener\">Enlace web<\/a>.<\/li>\n<li>Eva Ramal, profesora no IES Alpujarra. Granada.\u00a0<a href=\"https:\/\/www.linkedin.com\/in\/eva-beatriz-ramal-rodriguez-371a5036\/?originalSubdomain=es\" target=\"_blank\" rel=\"noopener\">Enlace web<\/a>.<\/li>\n<li>Oihana Martitegi educadora social en Bidegintza CIS- GEK. Bilbao.\u00a0<a href=\"https:\/\/www.linkedin.com\/in\/oihana-martitegi-brizuela-8545577b\/?originalSubdomain=es\">Enlace web<\/a>.<\/li>\n<\/ul>\n<p>Pechar\u00e1 a conversa:<\/p>\n<ul>\n<li>Asier Gallastegi, consultor sist\u00e9mico, formador e coach. Bilbao.\u00a0<a href=\"https:\/\/www.linkedin.com\/in\/asiergallastegi\/\" target=\"_blank\" rel=\"noopener\">Enlace web<\/a>.<\/li>\n<\/ul>\n<h2><\/h2>\n<h2 class=\"null\"><strong>Inscr\u00edbete\u00a0picando no logo:<\/strong><\/h2>\n<p><strong><a href=\"https:\/\/docs.google.com\/forms\/d\/e\/1FAIpQLSc6G9AkLHeEXBde9zoQPHWY7zGxWR_LQ3IAAjY-P9EZNcIJpw\/viewform\" target=\"_blank\" rel=\"noopener\"><img decoding=\"async\" loading=\"lazy\" class=\"alignnone\" src=\"https:\/\/mcusercontent.com\/2e69ea4162b352c903ca9f03e\/images\/aacdb0fa-375f-4789-b357-0acc9bacc004.jpg\" alt=\"\" width=\"500\" height=\"101\" align=\"center\" data-file-id=\"5303705\" \/><\/a><\/strong><\/p>\n<p>&nbsp;<\/p>\n<p>O s\u00e1bado 6 de xu\u00f1o de 2020 a\u00a0<strong>Asociaci\u00f3n para o Desenvolvemento Humano e\u00a0 Organizacional<\/strong>\u00a0(DHO) convidou o psic\u00f3logo social Guillermo Fouce a iniciar unha conversa para o Desenvolvemento Organizacional (DO) que titulou\u00a0<em>A gram\u00e1tica do medo. Como opera o medo nas persoas e organizaci\u00f3ns<\/em>.<\/p>\n<p>Na conversa, Guillermo Fouce achegou a s\u00faa visi\u00f3n sobre esta emoci\u00f3n, describiu as s\u00faas caracter\u00edsticas e dimensi\u00f3ns, e apuntou claves para axudar \u00e1 s\u00faa xesti\u00f3n.<\/p>\n<p>&nbsp;<\/p>\n<p><strong><a href=\"https:\/\/www.asociaciondho.org\/post\/la-gram%C3%A1tica-del-miedo\" target=\"_blank\" rel=\"noopener\">Picando aqu\u00ed poder\u00e1s ver a Webinar<\/a>.<\/strong><\/p>","protected":false},"excerpt":{"rendered":"<p>Para esta conversa contaremos coa participaci\u00f3n de: Sara Rodr\u00edguez, enfermeira no Hospital Cruz Vermella Espa\u00f1ola. Xix\u00f3n.\u00a0Enlace web. Eva Ramal, profesora no IES Alpujarra. Granada.\u00a0Enlace web. Oihana Martitegi educadora social en Bidegintza CIS- GEK. Bilbao.\u00a0Enlace web. Pechar\u00e1 a conversa: Asier Gallastegi, consultor sist\u00e9mico, formador e coach. Bilbao.\u00a0Enlace web. Inscr\u00edbete\u00a0picando no logo: &nbsp; O s\u00e1bado 6 de [&hellip;]<\/p>\n","protected":false},"author":3,"featured_media":9236,"comment_status":"closed","ping_status":"closed","sticky":false,"template":"","format":"standard","meta":[],"categories":[12],"tags":[39],"_links":{"self":[{"href":"https:\/\/algalia.com\/gl\/wp-json\/wp\/v2\/posts\/9235"}],"collection":[{"href":"https:\/\/algalia.com\/gl\/wp-json\/wp\/v2\/posts"}],"about":[{"href":"https:\/\/algalia.com\/gl\/wp-json\/wp\/v2\/types\/post"}],"author":[{"embeddable":true,"href":"https:\/\/algalia.com\/gl\/wp-json\/wp\/v2\/users\/3"}],"replies":[{"embeddable":true,"href":"https:\/\/algalia.com\/gl\/wp-json\/wp\/v2\/comments?post=9235"}],"version-history":[{"count":7,"href":"https:\/\/algalia.com\/gl\/wp-json\/wp\/v2\/posts\/9235\/revisions"}],"predecessor-version":[{"id":10178,"href":"https:\/\/algalia.com\/gl\/wp-json\/wp\/v2\/posts\/9235\/revisions\/10178"}],"wp:featuredmedia":[{"embeddable":true,"href":"https:\/\/algalia.com\/gl\/wp-json\/wp\/v2\/media\/9236"}],"wp:attachment":[{"href":"https:\/\/algalia.com\/gl\/wp-json\/wp\/v2\/media?parent=9235"}],"wp:term":[{"taxonomy":"category","embeddable":true,"href":"https:\/\/algalia.com\/gl\/wp-json\/wp\/v2\/categories?post=9235"},{"taxonomy":"post_tag","embeddable":true,"href":"https:\/\/algalia.com\/gl\/wp-json\/wp\/v2\/tags?post=9235"}],"curies":[{"name":"wp","href":"https:\/\/api.w.org\/{rel}","templated":true}]}}