{"id":9205,"date":"2020-09-24T10:46:20","date_gmt":"2020-09-24T08:46:20","guid":{"rendered":"https:\/\/algalia.com\/gl\/?p=9205"},"modified":"2020-09-24T13:47:33","modified_gmt":"2020-09-24T11:47:33","slug":"el-iva-cero-en-la-compra-de-bienes-necesarios-para-combatir-los-efectos-de-la-covid-19","status":"publish","type":"post","link":"https:\/\/algalia.com\/gl\/el-iva-cero-en-la-compra-de-bienes-necesarios-para-combatir-los-efectos-de-la-covid-19\/","title":{"rendered":"O IVE cero na compra de bens necesarios para combater os efectos da COVID-19"},"content":{"rendered":"<p><img decoding=\"async\" loading=\"lazy\" class=\"alignright wp-image-9224 size-medium\" src=\"https:\/\/algalia.com\/wp-content\/uploads\/2020\/09\/images-1-300x164.jpg\" alt=\"\" width=\"300\" height=\"164\" srcset=\"https:\/\/algalia.com\/wp-content\/uploads\/2020\/09\/images-1-300x164.jpg 300w, https:\/\/algalia.com\/wp-content\/uploads\/2020\/09\/images-1-768x421.jpg 768w, https:\/\/algalia.com\/wp-content\/uploads\/2020\/09\/images-1.jpg 1024w, https:\/\/algalia.com\/wp-content\/uploads\/2020\/09\/images-1-610x334.jpg 610w\" sizes=\"(max-width: 300px) 100vw, 300px\" \/>Este art\u00edculo pretende aclarar o proceso legal dos dous \u00faltimos meses nos que se aprobaron ampliaci\u00f3ns de prazos da medida inicialmente aprobada no\u00a0 RDL 15\/2020, ao mesmo tempo que se rexeitou no Congreso una delas.<\/p>\n<p>Expliquemos como queda este tema e que pasou.<\/p>\n<h3><strong>Como queda?<\/strong><\/h3>\n<p>Entre <strong><u>o 23 de abril e o 31 de outubro de 2020<\/u><\/strong> aplicarase o tipo de <strong>IVE <\/strong>do <strong>0%<\/strong> a <strong>calquera compra<\/strong> (nacional,\u00a0 intracomunitaria ou importaci\u00f3n) de bens necesarios para combater os efectos do COVID-19 (que figuren no <strong>Anexo <\/strong>que acompa\u00f1a ao\u00a0 RDL 15\/2020, por exemplo <strong>m\u00e1scaras, luvas, protecci\u00f3ns faciais, monos, etc.).<\/strong><\/p>\n<p>Este tipo de IVE poder\u00e1 ser aplicado nas compras realizadas por entidades p\u00fablicas pero tam\u00e9n <strong>por entidades sen fin de lucro<\/strong> que se consideren <strong>entidades de car\u00e1cter social<\/strong> <strong>conforme<\/strong> \u00e1 normativa do <strong>IVE<\/strong> (artigo 20.Tres da Lei 37\/1992).<\/p>\n<p>Lembramos que <strong>esta condici\u00f3n<\/strong> adqu\u00edrese de maneira <strong>autom\u00e1tica<\/strong> por aquelas <strong>entidades sen fins de lucro<\/strong> (asociaci\u00f3ns, federaci\u00f3ns, confederaci\u00f3ns, fundaci\u00f3ns) que presten <strong>servizos de asistencia social, servizos deportivos ou outros servizos de interese cultural<\/strong> (tal e como se definen no artigo 20.Un apartados 8\u00ba, 13\u00ba e 14\u00ba da Lei 37\/1992) e que, ademais, <strong>cumpran<\/strong> estes <strong>tres requisitos<\/strong>:<\/p>\n<ul>\n<li><strong>Carecer de finalidade lucrativa<\/strong> e dedicar, no seu caso, os beneficios eventualmente obtidos ao desenvolvemento de actividades exentas de id\u00e9ntica natureza.<\/li>\n<li>Os <strong>cargos<\/strong> de presidente, patr\u00f3n ou representante legal deber\u00e1n ser <strong>gratu\u00edtos <\/strong>e carecer de interese nos resultados econ\u00f3micos da explotaci\u00f3n por si mesmos ou a trav\u00e9s de persoa interposta.<\/li>\n<li>Os <strong>socios, <\/strong>comuneiros ou part\u00edcipes das entidades ou establecementos e os seus c\u00f3nxuxes ou parentes consangu\u00edneos, ata o segundo grao inclusive,<strong> non poder\u00e1n ser destinatarios principais das operaci\u00f3ns exentas <\/strong>nin gozar de condici\u00f3ns especiais na prestaci\u00f3n dos servizos.<\/li>\n<\/ul>\n<p>Este \u00faltimo requisito non se aplicar\u00e1 cando se trate das prestaci\u00f3ns de servizos de servizos sociais nin de deporte ou educaci\u00f3n f\u00edsica (tal e como se describen estas actividades no apartado Un, n\u00fameros 8.\u00ba e 13.\u00ba do artigo 20 da lei 37\/1992).<\/p>\n<p>Como o\u00a0 RDL indica que estas vendas deber\u00e1n ser documentadas con facturas co IVE ao cero % (indicando que son vendas exentas) <strong>interpretamos que ser\u00e1 obrigaci\u00f3n da entidade sen fin de lucro achegar unha declaraci\u00f3n ao vendedor<\/strong> conforme cumpre os requisitos esixidos na norma para a devandita emisi\u00f3n sen IVE\/IVE e as\u00ed aproveitarse deste aforro fiscal.<\/p>\n<h3><strong>Que pasou?<\/strong><\/h3>\n<ol>\n<li><strong>RDL 15\/2020<\/strong><\/li>\n<\/ol>\n<p>No cap\u00edtulo III de medidas fiscais do\u00a0 RDL 15\/2020 aprobouse <strong>que desde o 23 de abril ata o 31 de xullo de 2020<\/strong> aplicar\u00edase a medida descrita anteriormente.<\/p>\n<ol start=\"2\">\n<li><strong>RDL 27\/2020<\/strong><\/li>\n<\/ol>\n<p>Neste\u00a0 RDL que ti\u00f1a por obxectivo fixar criterios para o uso dos remanentes xerados polas corporaci\u00f3ns locais incorporouse na s\u00faa Disposici\u00f3n Adicional Cuarta a ampliaci\u00f3n do prazo de aplicaci\u00f3n desta medida <strong>ata o 31 de outubro de 2020.<\/strong><\/p>\n<ol start=\"3\">\n<li><strong>Resoluci\u00f3n do 10 de setembro de 2020, do Congreso dos Deputados<\/strong>.<\/li>\n<\/ol>\n<p>Con posterioridade, o Congreso dos Deputados non aprobou este\u00a0 RDL polo contido relativo \u00e1s corporaci\u00f3ns locais. Ademais, como esa \u201cca\u00edda\u201d afecta a toda a norma, a ampliaci\u00f3n de prazo quedou sen efecto. Isto fixo que durante as d\u00faas \u00faltimas semanas a norma non tivese efectos.<\/p>\n<ol start=\"4\">\n<li><strong>RDL 28\/2020<\/strong><\/li>\n<\/ol>\n<p>Na aprobaci\u00f3n onte, 23 de setembro, do\u00a0 RDL 28\/2020, do 22 de setembro, de traballo a distancia, incl\u00faese a Disposici\u00f3n Adicional S\u00e9tima que habilita a aplicaci\u00f3n deste IVE cero <strong>desde o 23 de abril ata o 31 de outubro de 2020<\/strong> (\u00e9 dicir, salva todo o per\u00edodo inicialmente establecido).<\/p>\n<p><strong>Servicio econ\u00f3mico e xur\u00eddico de Algalia<\/strong><\/p>\n<p>&nbsp;<\/p>","protected":false},"excerpt":{"rendered":"<p>Este art\u00edculo pretende aclarar o proceso legal dos dous \u00faltimos meses nos que se aprobaron ampliaci\u00f3ns de prazos da medida inicialmente aprobada no\u00a0 RDL 15\/2020, ao mesmo tempo que se rexeitou no Congreso una delas. Expliquemos como queda este tema e que pasou. Como queda? Entre o 23 de abril e o 31 de outubro [&hellip;]<\/p>\n","protected":false},"author":3,"featured_media":9224,"comment_status":"closed","ping_status":"closed","sticky":false,"template":"","format":"standard","meta":[],"categories":[11],"tags":[38,18],"_links":{"self":[{"href":"https:\/\/algalia.com\/gl\/wp-json\/wp\/v2\/posts\/9205"}],"collection":[{"href":"https:\/\/algalia.com\/gl\/wp-json\/wp\/v2\/posts"}],"about":[{"href":"https:\/\/algalia.com\/gl\/wp-json\/wp\/v2\/types\/post"}],"author":[{"embeddable":true,"href":"https:\/\/algalia.com\/gl\/wp-json\/wp\/v2\/users\/3"}],"replies":[{"embeddable":true,"href":"https:\/\/algalia.com\/gl\/wp-json\/wp\/v2\/comments?post=9205"}],"version-history":[{"count":18,"href":"https:\/\/algalia.com\/gl\/wp-json\/wp\/v2\/posts\/9205\/revisions"}],"predecessor-version":[{"id":9225,"href":"https:\/\/algalia.com\/gl\/wp-json\/wp\/v2\/posts\/9205\/revisions\/9225"}],"wp:featuredmedia":[{"embeddable":true,"href":"https:\/\/algalia.com\/gl\/wp-json\/wp\/v2\/media\/9224"}],"wp:attachment":[{"href":"https:\/\/algalia.com\/gl\/wp-json\/wp\/v2\/media?parent=9205"}],"wp:term":[{"taxonomy":"category","embeddable":true,"href":"https:\/\/algalia.com\/gl\/wp-json\/wp\/v2\/categories?post=9205"},{"taxonomy":"post_tag","embeddable":true,"href":"https:\/\/algalia.com\/gl\/wp-json\/wp\/v2\/tags?post=9205"}],"curies":[{"name":"wp","href":"https:\/\/api.w.org\/{rel}","templated":true}]}}