{"id":8595,"date":"2020-04-28T11:33:41","date_gmt":"2020-04-28T09:33:41","guid":{"rendered":"https:\/\/algalia.com\/gl\/?p=8595"},"modified":"2020-04-30T09:09:48","modified_gmt":"2020-04-30T07:09:48","slug":"8595-2","status":"publish","type":"post","link":"https:\/\/algalia.com\/gl\/8595-2\/","title":{"rendered":"Nuevas medidas adicionales. Aspectos socio laborales. (RD-Lei 15\/2020 de 21 de abril"},"content":{"rendered":"<p><img decoding=\"async\" loading=\"lazy\" class=\"wp-image-8591 size-medium alignright\" src=\"https:\/\/algalia.com\/wp-content\/uploads\/2020\/04\/EWMlSj9XYAAKFxj-300x164.jpg\" alt=\"\" width=\"300\" height=\"164\" srcset=\"https:\/\/algalia.com\/wp-content\/uploads\/2020\/04\/EWMlSj9XYAAKFxj-300x164.jpg 300w, https:\/\/algalia.com\/wp-content\/uploads\/2020\/04\/EWMlSj9XYAAKFxj-768x420.jpg 768w, https:\/\/algalia.com\/wp-content\/uploads\/2020\/04\/EWMlSj9XYAAKFxj-610x333.jpg 610w, https:\/\/algalia.com\/wp-content\/uploads\/2020\/04\/EWMlSj9XYAAKFxj.jpg 1017w\" sizes=\"(max-width: 300px) 100vw, 300px\" \/><\/p>\n<p><strong>O d\u00eda 21 de abril foi publicado a Real Decreto-lei 15\/2020 de medidas urxentes complementarias para apoiar a econom\u00eda e o emprego,\u00a0que inclu\u00edu un novo paquete de medidas econ\u00f3micas e sociais centradas no apoio \u00e1s empresas e aos traballadores para contrarrestar o impacto do COVID-19. <\/strong><\/p>\n<p><strong>Estes son os aspectos socio laborais que destacamos:<\/strong><\/p>\n<ol>\n<li><strong>A cobertura da prestaci\u00f3n por desemprego a traballadores cesados durante o per\u00edodo de proba<\/strong> nun novo traballo e por tanto antes dos tres meses tras unha baixa voluntaria,<\/li>\n<li><strong>Increm\u00e9ntase o \u00e1mbito de aplicaci\u00f3n dos ERTES por causa de forza maior<\/strong> para cubrir ca\u00eddas significativas de actividade naqueles sectores considerados esenciais que viron tam\u00e9n reducidos os ingresos.<\/li>\n<li>Ampl\u00edase a <strong>cobertura establecida na Real Decreto-lei 8\/2020 aos traballadores fixos descontinuos<\/strong>c\u00a0que non puidesen reincorporarse \u00e1 s\u00faa actividade nas datas previstas como consecuencia do COVID-19 e que non cumpren o requisito de situaci\u00f3n legal de desemprego, ou non poden acceder \u00e1 prestaci\u00f3n por desemprego por carecer do per\u00edodo de cotizaci\u00f3n necesario,<\/li>\n<li>Ampl\u00edase dous meses m\u00e1is, seguindo o establecido polo R. D. Lei 8\/2020 o <strong>car\u00e1cter preferente do traballo a distancia, <\/strong><\/li>\n<li><strong>Ampl\u00edase o dereito de adaptaci\u00f3n do horario e reduci\u00f3n da xornada<\/strong> para persoas con dependentes a cargo debido \u00e1 situaci\u00f3n de crise sanitaria e durante dous meses m\u00e1is,<\/li>\n<li>Disponse neste real decreto que aqueles aut\u00f3nomos que non optasen en prazo por unha Mutua colaboradora da S.S. para a xesti\u00f3n de determinadas prestaci\u00f3ns, f\u00e1gano xunto coa solicitude da prestaci\u00f3n de cesamento de actividade,<\/li>\n<li>Rec\u00f3llese a <strong>suspensi\u00f3n de prazos no \u00e1mbito de actuaci\u00f3n da Inspecci\u00f3n de Traballo e Seguridade Social<\/strong> e loita contra comportamentos que poidan implicar fraude,<\/li>\n<li><strong>Ad\u00f3ptanse diferentes medidas en relaci\u00f3n co aprazamento de d\u00e9bedas coa Seguridade Social de empresas e aut\u00f3nomos<\/strong>.<\/li>\n<\/ol>\n<p>Podes acceder ao desenvolvemento deste bolet\u00edn descarg\u00e1ndo o seguinte\u00a0<strong><a href=\"https:\/\/algalia.com\/wp-content\/uploads\/2020\/04\/R.D-LEY-15-gall.pdf\" target=\"_blank\" rel=\"noopener\"><u>documento<\/u><\/a>\u00a0.<\/strong><\/p>\n<p><strong>Servizo laboral de Algalia.<\/strong><\/p>","protected":false},"excerpt":{"rendered":"<p>O d\u00eda 21 de abril foi publicado a Real Decreto-lei 15\/2020 de medidas urxentes complementarias para apoiar a econom\u00eda e o emprego,\u00a0que inclu\u00edu un novo paquete de medidas econ\u00f3micas e sociais centradas no apoio \u00e1s empresas e aos traballadores para contrarrestar o impacto do COVID-19. Estes son os aspectos socio laborais que destacamos: A cobertura [&hellip;]<\/p>\n","protected":false},"author":3,"featured_media":8591,"comment_status":"closed","ping_status":"closed","sticky":false,"template":"","format":"standard","meta":[],"categories":[11],"tags":[38,20],"_links":{"self":[{"href":"https:\/\/algalia.com\/gl\/wp-json\/wp\/v2\/posts\/8595"}],"collection":[{"href":"https:\/\/algalia.com\/gl\/wp-json\/wp\/v2\/posts"}],"about":[{"href":"https:\/\/algalia.com\/gl\/wp-json\/wp\/v2\/types\/post"}],"author":[{"embeddable":true,"href":"https:\/\/algalia.com\/gl\/wp-json\/wp\/v2\/users\/3"}],"replies":[{"embeddable":true,"href":"https:\/\/algalia.com\/gl\/wp-json\/wp\/v2\/comments?post=8595"}],"version-history":[{"count":23,"href":"https:\/\/algalia.com\/gl\/wp-json\/wp\/v2\/posts\/8595\/revisions"}],"predecessor-version":[{"id":8643,"href":"https:\/\/algalia.com\/gl\/wp-json\/wp\/v2\/posts\/8595\/revisions\/8643"}],"wp:featuredmedia":[{"embeddable":true,"href":"https:\/\/algalia.com\/gl\/wp-json\/wp\/v2\/media\/8591"}],"wp:attachment":[{"href":"https:\/\/algalia.com\/gl\/wp-json\/wp\/v2\/media?parent=8595"}],"wp:term":[{"taxonomy":"category","embeddable":true,"href":"https:\/\/algalia.com\/gl\/wp-json\/wp\/v2\/categories?post=8595"},{"taxonomy":"post_tag","embeddable":true,"href":"https:\/\/algalia.com\/gl\/wp-json\/wp\/v2\/tags?post=8595"}],"curies":[{"name":"wp","href":"https:\/\/api.w.org\/{rel}","templated":true}]}}