{"id":8217,"date":"2020-03-22T09:16:25","date_gmt":"2020-03-22T07:16:25","guid":{"rendered":"https:\/\/algalia.com\/gl\/?p=8217"},"modified":"2020-04-06T18:29:56","modified_gmt":"2020-04-06T16:29:56","slug":"plazos-en-materia-de-seguridad-social-relacionadas-con-esta-situacion-excepcional-covid-19","status":"publish","type":"post","link":"https:\/\/algalia.com\/gl\/plazos-en-materia-de-seguridad-social-relacionadas-con-esta-situacion-excepcional-covid-19\/","title":{"rendered":"Prazos en materia de Seguridade Social relacionadas con esta situaci\u00f3n excepcional  COVID-19"},"content":{"rendered":"<p><img decoding=\"async\" loading=\"lazy\" class=\"wp-image-8220 size-medium alignright\" src=\"https:\/\/algalia.com\/wp-content\/uploads\/2020\/03\/imagen-1-300x164.jpg\" alt=\"\" width=\"300\" height=\"164\" srcset=\"https:\/\/algalia.com\/wp-content\/uploads\/2020\/03\/imagen-1-300x164.jpg 300w, https:\/\/algalia.com\/wp-content\/uploads\/2020\/03\/imagen-1-768x421.jpg 768w, https:\/\/algalia.com\/wp-content\/uploads\/2020\/03\/imagen-1.jpg 1024w, https:\/\/algalia.com\/wp-content\/uploads\/2020\/03\/imagen-1-610x334.jpg 610w\" sizes=\"(max-width: 300px) 100vw, 300px\" \/><\/p>\n<p>Traslad\u00e1mosvos informaci\u00f3n de interese sobre prazos en materia de Seguridade Social relacionadas con esta situaci\u00f3n excepcional COVID-19.<\/p>\n<p><strong>Que prazos ven afectados o \u00e1mbito da Tesourar\u00eda Xeral da Seguridade Social pola declaraci\u00f3n do estado de alarma?<\/strong><\/p>\n<p><strong>\u00a0<\/strong>Unicamente susp\u00e9ndense os prazos relacionados co procedemento de recadaci\u00f3n de cotas da Seguridade Social. A Tesourar\u00eda Xeral da Seguridade Social non poder\u00e1 emitir os seguintes actos:<\/p>\n<ul>\n<li>Reclamaci\u00f3ns de d\u00e9beda<\/li>\n<li>Providencias de prema<\/li>\n<li>Dilixencias de embargo<\/li>\n<li>Calquera\u00a0 outro tr\u00e1mite, tanto en v\u00eda voluntaria como executiva,\u00a0 salvo as medidas estritamente necesarias que poida adoptar a Tesourar\u00eda Xeral da Seguridade Social na tramitaci\u00f3n para evitar prexu\u00edzos graves ao interesado, sempre que este manifeste a s\u00faa conformidade, ou cando o interesado manifeste a s\u00faa conformidade con que non se suspenda o prazo.<\/li>\n<\/ul>\n<p><strong>Que obrigaci\u00f3ns deben seguir cumprindo <\/strong><strong>as empresas e traballadores, por non estar afectadas pola interrupci\u00f3n de prazos?<\/strong><\/p>\n<p>Non ven afectados os prazos correspondentes aos \u00e1mbitos da afiliaci\u00f3n, a liquidaci\u00f3n e cotizaci\u00f3n \u00e1 Seguridade Social, mant\u00e9\u00f1ense as seguintes obrigaci\u00f3ns para as empresas e os traballadores:<\/p>\n<ul>\n<li>Inscrici\u00f3n de empresas.<\/li>\n<li>Afiliaci\u00f3n ao sistema de Seguridade Social.<\/li>\n<li>Altas, baixas e variaci\u00f3ns de datos de empresas e traballadores.<\/li>\n<li>Liquidaci\u00f3n e cotizaci\u00f3n de cotas e conceptos de recadaci\u00f3n conxuntos.<\/li>\n<li>Ingreso das cotizaci\u00f3ns no prazo regulamentario.<\/li>\n<\/ul>\n<p><strong>Que sucede si non se ingresan as cotizaci\u00f3ns mensuais?<\/strong><\/p>\n<p><strong>\u00a0<\/strong><strong>En caso de non ser ingresadas as cotizaci\u00f3ns nos prazos establecidos<\/strong>, <em>aplicar\u00edase a recarga correspondente.<\/em>\u00a0\u00a0Con todo, a reclamaci\u00f3n de d\u00e9beda non se notificar\u00e1 ata que finalice a interrupci\u00f3n de prazos establecida como consecuencia da declaraci\u00f3n do estado de alarma.<\/p>\n<p><strong>Que suceder\u00e1 co c\u00f3mputo dos prazos dos procedementos referidos a prestaci\u00f3ns da Seguridade Social durante a situaci\u00f3n do estado de alarma?<\/strong><\/p>\n<p>Susp\u00e9ndense termos e interr\u00f3mpense os prazos para a tramitaci\u00f3n dos procedementos referidos a prestaci\u00f3ns da Seguridade Social.<\/p>\n<p>O c\u00f3mputo dos prazos renovarase no momento en que perda vixencia o citado real decreto ou, no seu caso, as pr\u00f3rrogas do mesmo.<\/p>\n<p><strong>Marta Armada Responsable do servizo laboral de Algalia<\/strong><\/p>","protected":false},"excerpt":{"rendered":"<p>Traslad\u00e1mosvos informaci\u00f3n de interese sobre prazos en materia de Seguridade Social relacionadas con esta situaci\u00f3n excepcional COVID-19. Que prazos ven afectados o \u00e1mbito da Tesourar\u00eda Xeral da Seguridade Social pola declaraci\u00f3n do estado de alarma? \u00a0Unicamente susp\u00e9ndense os prazos relacionados co procedemento de recadaci\u00f3n de cotas da Seguridade Social. A Tesourar\u00eda Xeral da Seguridade Social [&hellip;]<\/p>\n","protected":false},"author":3,"featured_media":8220,"comment_status":"closed","ping_status":"closed","sticky":false,"template":"","format":"standard","meta":[],"categories":[11],"tags":[38],"_links":{"self":[{"href":"https:\/\/algalia.com\/gl\/wp-json\/wp\/v2\/posts\/8217"}],"collection":[{"href":"https:\/\/algalia.com\/gl\/wp-json\/wp\/v2\/posts"}],"about":[{"href":"https:\/\/algalia.com\/gl\/wp-json\/wp\/v2\/types\/post"}],"author":[{"embeddable":true,"href":"https:\/\/algalia.com\/gl\/wp-json\/wp\/v2\/users\/3"}],"replies":[{"embeddable":true,"href":"https:\/\/algalia.com\/gl\/wp-json\/wp\/v2\/comments?post=8217"}],"version-history":[{"count":13,"href":"https:\/\/algalia.com\/gl\/wp-json\/wp\/v2\/posts\/8217\/revisions"}],"predecessor-version":[{"id":8329,"href":"https:\/\/algalia.com\/gl\/wp-json\/wp\/v2\/posts\/8217\/revisions\/8329"}],"wp:featuredmedia":[{"embeddable":true,"href":"https:\/\/algalia.com\/gl\/wp-json\/wp\/v2\/media\/8220"}],"wp:attachment":[{"href":"https:\/\/algalia.com\/gl\/wp-json\/wp\/v2\/media?parent=8217"}],"wp:term":[{"taxonomy":"category","embeddable":true,"href":"https:\/\/algalia.com\/gl\/wp-json\/wp\/v2\/categories?post=8217"},{"taxonomy":"post_tag","embeddable":true,"href":"https:\/\/algalia.com\/gl\/wp-json\/wp\/v2\/tags?post=8217"}],"curies":[{"name":"wp","href":"https:\/\/api.w.org\/{rel}","templated":true}]}}