{"id":7738,"date":"2019-10-01T11:39:20","date_gmt":"2019-10-01T09:39:20","guid":{"rendered":"https:\/\/algalia.com\/gl\/?p=7738"},"modified":"2020-04-06T18:29:57","modified_gmt":"2020-04-06T16:29:57","slug":"o-plan-de-actuacion-nas-fundacions-alguns-consellos-practicos","status":"publish","type":"post","link":"https:\/\/algalia.com\/gl\/o-plan-de-actuacion-nas-fundacions-alguns-consellos-practicos\/","title":{"rendered":"O Plan de Actuaci\u00f3n nas Fundaci\u00f3ns: alg\u00fans consellos pr\u00e1cticos."},"content":{"rendered":"<p><img decoding=\"async\" loading=\"lazy\" class=\"alignright wp-image-7898 size-medium\" src=\"https:\/\/algalia.com\/wp-content\/uploads\/2019\/10\/descarga-1-300x197-1-300x178.jpg\" alt=\"\" width=\"300\" height=\"178\" srcset=\"https:\/\/algalia.com\/wp-content\/uploads\/2019\/10\/descarga-1-300x197-1-300x178.jpg 300w, https:\/\/algalia.com\/wp-content\/uploads\/2019\/10\/descarga-1-300x197-1-768x455.jpg 768w, https:\/\/algalia.com\/wp-content\/uploads\/2019\/10\/descarga-1-300x197-1.jpg 1024w, https:\/\/algalia.com\/wp-content\/uploads\/2019\/10\/descarga-1-300x197-1-610x362.jpg 610w\" sizes=\"(max-width: 300px) 100vw, 300px\" \/>No \u00faltimo trimestre do exercicio contable as fundaci\u00f3ns te\u00f1en a obriga de elaborar, aprobar e presentar ao seu Protectorado o Plan de Actuaci\u00f3n (PA), documento no que quedar\u00e1n reflectidos os obxectivos, as actividades que se prevexan desenvolver durante o exercicio seguinte, unha previsi\u00f3n das partidas de ingresos e gastos calculados e mais unha memoria explicativa destas actividades.<\/p>\n<p>\u00c1 hora de elaboralo oc\u00f3rrensenos alg\u00fans consellos pr\u00e1cticos:<\/p>\n<ol>\n<li>Diferenciaci\u00f3n por actividades: posiblemente o termo \u201cactividades\u201d nos poda levar a engano porque poder\u00edamos entendelo como o conxunto de m\u00faltiples acci\u00f3ns puntuais que fai unha fundaci\u00f3n durante o ano en cumprimento dos seus fins (curso 1, curso 2, xornada 1, xornada 2, &#8230;). Para n\u00f3s a interpretaci\u00f3n debe ter un foco feito dende m\u00e1is lonxe e deber\u00edamos organizar o PA en funci\u00f3n dos programas principais de cada fundaci\u00f3n en funci\u00f3n da s\u00faa programaci\u00f3n global (programas de formaci\u00f3n, programas sociais, \u2026).<\/li>\n<li>Coordinaci\u00f3n da informaci\u00f3n econ\u00f3mica coa contabilidade da entidade:\n<ul>\n<li>O PA esixe que os gastos se presenten analiticamente ademais de por natureza de gasto conforme ao plan adaptado -RD 1491\/2011-, polo que a entidade, unha vez definida a estrutura de programas, deber\u00e1 ser quen de contabilizar os gastos repartidos por estes programas.<\/li>\n<li>Ademais respecto aos xerais poder\u00edanse repartir nos programas definidos ou levalos a un centro de custo \u00fanico.<\/li>\n<li>A estrutura de ingresos non segue a estrutura do plan contable adaptado sen\u00f3n que \u00e9 unha estrutura en base \u00e1 normativa \u2013isto implicar\u00e1 a elaboraci\u00f3n dunha certa adaptaci\u00f3n contable para poder dispor desta informaci\u00f3n-.<\/li>\n<\/ul>\n<\/li>\n<li>O modelo de presentaci\u00f3n do PA \u00e9 un modelo conforme ao establecido no RD 1491\/2011 que est\u00e1 dispo\u00f1ible nas webs dos diferentes protectorados. Recom\u00e9ndase o emprego dos mesmos para facilitar a interpretaci\u00f3n e a aceptaci\u00f3n destes PA por parte da administraci\u00f3n.<\/li>\n<\/ol>\n<p>Para rematar, \u00e9 fundamental ter en conta a relaci\u00f3n que existe entre o PA que presenten as fundaci\u00f3ns, a contabilidade e a memoria anual que forma parte das contas anuais. O PA que se presente este ano ter\u00e1 que poder ser comparado coa execuci\u00f3n real do pr\u00f3ximo exercicio cando se presenten as contas anuais (entre marzo e xu\u00f1o de dentro de dous anos). Isto implica que toda a descrici\u00f3n de actividades e o detalle de gastos e ingresos que se defina no PA ten que ser controlado e contabilizado de maneira efectiva durante o pr\u00f3ximo ano para facilitar a elaboraci\u00f3n da memoria de dito exercicio cando toque. Non ter isto en cinta far\u00e1 que a elaboraci\u00f3n desas contas anuais sexa moi custosa en tempo e con pouca efectividade.<\/p>\n<p><strong>Jorge Rodr\u00edguez Malingre<\/strong><strong><br \/>\nResponsable de\u00a0 Asesor\u00eda de Algalia\u00a0Servizos para a Econom\u00eda Social<\/strong><\/p>","protected":false},"excerpt":{"rendered":"<p>No \u00faltimo trimestre do exercicio contable as fundaci\u00f3ns te\u00f1en a obriga de elaborar, aprobar e presentar ao seu Protectorado o Plan de Actuaci\u00f3n (PA), documento no que quedar\u00e1n reflectidos os obxectivos, as actividades que se prevexan desenvolver durante o exercicio seguinte, unha previsi\u00f3n das partidas de ingresos e gastos calculados e mais unha memoria explicativa [&hellip;]<\/p>\n","protected":false},"author":3,"featured_media":7898,"comment_status":"closed","ping_status":"closed","sticky":false,"template":"","format":"standard","meta":[],"categories":[11],"tags":[],"_links":{"self":[{"href":"https:\/\/algalia.com\/gl\/wp-json\/wp\/v2\/posts\/7738"}],"collection":[{"href":"https:\/\/algalia.com\/gl\/wp-json\/wp\/v2\/posts"}],"about":[{"href":"https:\/\/algalia.com\/gl\/wp-json\/wp\/v2\/types\/post"}],"author":[{"embeddable":true,"href":"https:\/\/algalia.com\/gl\/wp-json\/wp\/v2\/users\/3"}],"replies":[{"embeddable":true,"href":"https:\/\/algalia.com\/gl\/wp-json\/wp\/v2\/comments?post=7738"}],"version-history":[{"count":9,"href":"https:\/\/algalia.com\/gl\/wp-json\/wp\/v2\/posts\/7738\/revisions"}],"predecessor-version":[{"id":7899,"href":"https:\/\/algalia.com\/gl\/wp-json\/wp\/v2\/posts\/7738\/revisions\/7899"}],"wp:featuredmedia":[{"embeddable":true,"href":"https:\/\/algalia.com\/gl\/wp-json\/wp\/v2\/media\/7898"}],"wp:attachment":[{"href":"https:\/\/algalia.com\/gl\/wp-json\/wp\/v2\/media?parent=7738"}],"wp:term":[{"taxonomy":"category","embeddable":true,"href":"https:\/\/algalia.com\/gl\/wp-json\/wp\/v2\/categories?post=7738"},{"taxonomy":"post_tag","embeddable":true,"href":"https:\/\/algalia.com\/gl\/wp-json\/wp\/v2\/tags?post=7738"}],"curies":[{"name":"wp","href":"https:\/\/api.w.org\/{rel}","templated":true}]}}