{"id":7575,"date":"2019-07-01T14:39:38","date_gmt":"2019-07-01T12:39:38","guid":{"rendered":"https:\/\/algalia.com\/gl\/?p=7575"},"modified":"2020-04-06T18:29:57","modified_gmt":"2020-04-06T16:29:57","slug":"i-foro-por-talento-emprende-galicia","status":"publish","type":"post","link":"https:\/\/algalia.com\/gl\/i-foro-por-talento-emprende-galicia\/","title":{"rendered":"I Foro por Talento Emprende Galicia"},"content":{"rendered":"<p><img decoding=\"async\" loading=\"lazy\" class=\"wp-image-7576 alignright\" src=\"https:\/\/algalia.com\/wp-content\/uploads\/2019\/07\/foro-300x178.jpg\" alt=\"\" width=\"386\" height=\"229\" srcset=\"https:\/\/algalia.com\/wp-content\/uploads\/2019\/07\/foro-300x178.jpg 300w, https:\/\/algalia.com\/wp-content\/uploads\/2019\/07\/foro-768x456.jpg 768w, https:\/\/algalia.com\/wp-content\/uploads\/2019\/07\/foro-1024x609.jpg 1024w, https:\/\/algalia.com\/wp-content\/uploads\/2019\/07\/foro-610x363.jpg 610w, https:\/\/algalia.com\/wp-content\/uploads\/2019\/07\/foro.jpg 1250w\" sizes=\"(max-width: 386px) 100vw, 386px\" \/><\/p>\n<p>Promovido pola Asociaci\u00f3n Inserta Emprego, o pasado d\u00eda 20 de xu\u00f1o, tivemos a honra de organizar o primeiro Foro por Talento Emprende Galicia, dirixido a persoas emprendedoras con discapacidade no \u00e1mbito galego e celebrado en Santiago de Compostela.<\/p>\n<p>Concibido como un espazo de encontro, os m\u00e1is de 80 asistentes, puideron compartir experiencias e conectarse con outros emprendedores.<\/p>\n<p>Da man de Dani Di\u00e9guez, Pablo Lopez e Javier\u00a0 Megias, ilustr\u00e1ronnos\u00a0 de como est\u00e1 a cambiar o mundo do traballo e do emprendemento coa industria 4.0 e como podemos aproveitar esta transformaci\u00f3n ademais do m\u00e1rketing dixital, e todo aquilo que quixemos saber e que ningu\u00e9n nos contou antes de ser emprendedores.<\/p>\n<p>Espero e desexo de que este sexa o primeiro foro de moitos, e que podamos seguir contribu\u00edndo a apoiar ao emprendemento galego.<\/p>\n<p><strong>Miguel Barbosa<br \/>\nSocio Responsable\u00a0\u00a0de Consultor\u00eda de Algalia Servizos para a Econom\u00eda Social<\/strong><\/p>","protected":false},"excerpt":{"rendered":"<p>Promovido pola Asociaci\u00f3n Inserta Emprego, o pasado d\u00eda 20 de xu\u00f1o, tivemos a honra de organizar o primeiro Foro por Talento Emprende Galicia, dirixido a persoas emprendedoras con discapacidade no \u00e1mbito galego e celebrado en Santiago de Compostela. Concibido como un espazo de encontro, os m\u00e1is de 80 asistentes, puideron compartir experiencias e conectarse con [&hellip;]<\/p>\n","protected":false},"author":3,"featured_media":7576,"comment_status":"closed","ping_status":"closed","sticky":false,"template":"","format":"standard","meta":[],"categories":[1],"tags":[],"_links":{"self":[{"href":"https:\/\/algalia.com\/gl\/wp-json\/wp\/v2\/posts\/7575"}],"collection":[{"href":"https:\/\/algalia.com\/gl\/wp-json\/wp\/v2\/posts"}],"about":[{"href":"https:\/\/algalia.com\/gl\/wp-json\/wp\/v2\/types\/post"}],"author":[{"embeddable":true,"href":"https:\/\/algalia.com\/gl\/wp-json\/wp\/v2\/users\/3"}],"replies":[{"embeddable":true,"href":"https:\/\/algalia.com\/gl\/wp-json\/wp\/v2\/comments?post=7575"}],"version-history":[{"count":3,"href":"https:\/\/algalia.com\/gl\/wp-json\/wp\/v2\/posts\/7575\/revisions"}],"predecessor-version":[{"id":7579,"href":"https:\/\/algalia.com\/gl\/wp-json\/wp\/v2\/posts\/7575\/revisions\/7579"}],"wp:featuredmedia":[{"embeddable":true,"href":"https:\/\/algalia.com\/gl\/wp-json\/wp\/v2\/media\/7576"}],"wp:attachment":[{"href":"https:\/\/algalia.com\/gl\/wp-json\/wp\/v2\/media?parent=7575"}],"wp:term":[{"taxonomy":"category","embeddable":true,"href":"https:\/\/algalia.com\/gl\/wp-json\/wp\/v2\/categories?post=7575"},{"taxonomy":"post_tag","embeddable":true,"href":"https:\/\/algalia.com\/gl\/wp-json\/wp\/v2\/tags?post=7575"}],"curies":[{"name":"wp","href":"https:\/\/api.w.org\/{rel}","templated":true}]}}