{"id":7152,"date":"2019-03-04T11:43:00","date_gmt":"2019-03-04T09:43:00","guid":{"rendered":"https:\/\/algalia.com\/gl\/?p=7152"},"modified":"2020-04-06T18:29:59","modified_gmt":"2020-04-06T16:29:59","slug":"a-economia-social-e-o-terceiro-sector-protagonistas-no-novo-consello-de-desenvolvemento-sustentable","status":"publish","type":"post","link":"https:\/\/algalia.com\/gl\/a-economia-social-e-o-terceiro-sector-protagonistas-no-novo-consello-de-desenvolvemento-sustentable\/","title":{"rendered":"A econom\u00eda social e o terceiro sector, protagonistas no novo Consello de Desenvolvemento Sustentable"},"content":{"rendered":"<p><img decoding=\"async\" loading=\"lazy\" class=\"alignleft wp-image-7153 size-full\" src=\"https:\/\/algalia.com\/wp-content\/uploads\/2019\/03\/CDesarrolloSostenible_feb2019.jpg\" alt=\"\" width=\"354\" height=\"233\" srcset=\"https:\/\/algalia.com\/wp-content\/uploads\/2019\/03\/CDesarrolloSostenible_feb2019.jpg 354w, https:\/\/algalia.com\/wp-content\/uploads\/2019\/03\/CDesarrolloSostenible_feb2019-300x197.jpg 300w\" sizes=\"(max-width: 354px) 100vw, 354px\" \/><\/p>\n<p>O presidente do Goberno, Pedro S\u00e1nchez, presidiu o 26 de febreiro na Moncloa o acto de presentaci\u00f3n do Consello de Desenvolvemento Sustentable, creado segundo <strong>orde ministerial do pasado 22 de febreiro<\/strong>. No acto participaron a vicesecretaria xeral de Naci\u00f3ns Unidas, Amina\u00a0 Mohammed, de visita oficial no pa\u00eds, e a alta comisionada para a Axenda 2030, Cristina\u00a0 Gallach, as\u00ed como representantes das distintas organizaci\u00f3ns que van compo\u00f1er o Consello, entre eles membros da sociedade civil, o \u00e1mbito empresarial e laboral, a econom\u00eda social e o terceiro sector, estes \u00faltimos grandes protagonistas do novo Consello.<\/p>\n<p>Na s\u00faa intervenci\u00f3n, o presidente do Goberno destacou que para Espa\u00f1a \u201cas Naci\u00f3ns Unidas son unha aliado clave na consecuci\u00f3n dos Obxectivos de Desenvolvemento Sustentable\u201d ( ODS) e asegurou que o Executivo se compromete a traballar para que a ONU se converta nunha organizaci\u00f3n m\u00e1is \u00e1xil, flexible e eficiente.<\/p>\n<p>Segundo se explica desde Moncloa, o Consello de Desenvolvemento Sustentable \u00e9 un espazo cidad\u00e1n de car\u00e1cter consultivo e de seguimento, cunha participaci\u00f3n aberta,\u00a0 incluinte, participativa e transparente, que forma parte e complementa a estrutura de\u00a0 gobernanza para a implementaci\u00f3n da Axenda 2030 en Espa\u00f1a. \u00c9 un \u00f3rgano colexiado que articula a participaci\u00f3n da sociedade civil para a consecuci\u00f3n dos\u00a0 ODS.<\/p>\n<p>As s\u00faas funci\u00f3ns son asesorar \u00e1 Alta Comisionada na elaboraci\u00f3n e implementaci\u00f3n dos plans e estratexias necesarios para o cumprimento da Axenda 2030; xerar documentos e an\u00e1lises; contribu\u00edr \u00e1 divulgaci\u00f3n e comunicaci\u00f3n da Axenda 2030 ao conxunto da cidadan\u00eda espa\u00f1ola, e impulsar o di\u00e1logo entre todos os axentes sociais, econ\u00f3micos e culturais para contribu\u00edr \u00e1 consecuci\u00f3n dos\u00a0 ODS.<\/p>\n<p>O Consello de Desenvolvemento Sustentable estar\u00e1 presidido pola Alta Comisionada para a Axenda 2030 e integrado por 48 vogais distribu\u00eddos entre os colectivos seguintes: 11 vogais do sector empresarial capitalista e os sindicatos maioritarios; 14 vogais das principais plataformas e redes do Terceiro Sector; 3 vogais do sector empresarial da econom\u00eda social e as fundaci\u00f3ns; 10 vogais de organizaci\u00f3ns representativas de intereses sociais elixidos a trav\u00e9s dos consellos consultivos estatais (consumidores e usuarios, mocidade, maiores, etc.); 2 vogais en representaci\u00f3n das comunidades aut\u00f3nomas e os municipios e provincias; 5 expertos vinculados ao \u00e1mbito dos\u00a0 ODS e 3 representantes da\u00a0 CRUE e do Consello de Universidades.<\/p>\n<p>Concretamente, por parte do Terceiro Sector formar\u00e1n parte do Consello de Desenvolvemento Sustentable a persoa que ostente a presidencia da Plataforma do Terceiro Sector, actualmente Luciano\u00a0 Poyato, e unha persoa por cada unha das seguintes organizaci\u00f3ns: a Plataforma de ONG de Acci\u00f3n Social, Plataforma de Organizaci\u00f3ns da Infancia, Plataforma do Voluntariado de Espa\u00f1a, Rede Europea de Loita contra a Pobreza e a Exclusi\u00f3n Social, o\u00a0 CERMI, a Coordinadora de ONG para o Desenvolvemento; Federaci\u00f3n de Planificaci\u00f3n Familiar; Federaci\u00f3n de Asociaci\u00f3ns de Defensa e Promoci\u00f3n dos Dereitos Humanos-Espa\u00f1a, e a Confederaci\u00f3n Estatal de Asociaci\u00f3ns de Veci\u00f1os. Tam\u00e9n haber\u00e1 unha persoa en representaci\u00f3n das m\u00e1is reco\u00f1ecidas ONG para a defensa do medio ambiente, e tres persoas en representaci\u00f3n de distintas organizaci\u00f3ns da sociedade civil.<\/p>\n<h4><strong>Sector empresarial da econom\u00eda social<\/strong><\/h4>\n<p>Por parte do sector empresarial da econom\u00eda social,\u00a0 CEPES ter\u00e1 dous vogais no Consello, un deles en representaci\u00f3n da innovaci\u00f3n social. Tam\u00e9n haber\u00e1 un vogal en representaci\u00f3n da Asociaci\u00f3n Espa\u00f1ola de Fundaci\u00f3ns.<\/p>\n<p>O presidente de\u00a0 CEPES, Juan Antonio\u00a0 Pedre\u00f1o, valorou positivamente que\u00a0 CEPES conte con dous membros neste Consello, xunto co resto de axentes sociais, actores socioecon\u00f3micos e organizaci\u00f3ns da sociedade civil. Sinalou que este Consello promovido polo Goberno \u201cvolve situar \u00e1 Econom\u00eda Social no centro da Axenda 2030, coa que este sector est\u00e1 absolutamente comprometido, porque achega un modelo no que priman as persoas sobre o capital e no que, sen perder de vista a dimensi\u00f3n empresarial, prevalece a\u00a0 gobernanza democr\u00e1tica, a defensa da solidariedade e a responsabilidade coa contorna para xerar un impacto positivo\u201d.<\/p>\n<p>Para\u00a0 Pedre\u00f1o, \u201cos\u00a0 ODS constit\u00faen un marco ideal no que as empresas de Econom\u00eda Social poden liberar todo o seu potencial para xerar un crecemento econ\u00f3mico compatible coa sa\u00fade do planeta que, ao mesmo tempo, asegure unha repartici\u00f3n<strong> m\u00e1is equitativa da riqueza e que ofreza mellores oportunidades de vida a todas as persoas\u201d.<\/strong><\/p>\n<h4><strong>Unha nova visi\u00f3n de desenvolvemento<\/strong><\/h4>\n<p>Segundo se lembra\u00a0 na propia orde que crea o Consello de Desenvolvemento Sustentable, a Axenda 2030 sup\u00f3n unha nova visi\u00f3n do desenvolvemento, que integra o econ\u00f3mico, o social e o ambiental a trav\u00e9s de 17 obxectivos e 169 metas.<\/p>\n<p>Espa\u00f1a adquiriu un compromiso pol\u00edtico para o cumprimento da Axenda 2030, materializado na aprobaci\u00f3n polo Consello de Ministros o 22 de xu\u00f1o de 2018 do \u00abPlan para a implementaci\u00f3n da Axenda 2030\u00bb, na que se recolle unha nova visi\u00f3n do desenvolvemento sustentable con vontade de transformaci\u00f3n, e no Informe sobre os mecanismos e instrumentos de coordinaci\u00f3n para a implementaci\u00f3n da Axenda 2030 en Espa\u00f1a, do 15 de febreiro de 2019.<\/p>\n<p>O Goberno entende a Axenda 2030 \u201ccomo un compromiso que require de traballar de maneira coordinada entre todas as administraci\u00f3ns e os actores sociais, econ\u00f3micos e ambientais. A cidadan\u00eda organizada, a trav\u00e9s das s\u00faas diferentes formas, expresou a s\u00faa vontade de participar activamente na implementaci\u00f3n da Axenda 2030 e por iso \u00e9 necesario xerar alianzas que permitan cooperar para o cumprimento dos Obxectivos de Desenvolvemento Sustentable\u201d.<\/p>\n<p><strong>Imaxe: <\/strong>o presidente do Goberno, Pedro S\u00e1nchez, xunto \u00e1 vicesecretaria xeral da ONU, Amina\u00a0 J.\u00a0 Mohammed, e a alta comisionada para a Axenda 2030, Cristina\u00a0 Gallach, durante a presentaci\u00f3n do Consello de Desenvolvemento Sustentable.<\/p>\n<p><a href=\"http:\/\/www.boe.es\/boe\/dias\/2019\/02\/23\/pdfs\/BOE-A-2019-2554.pdf\" target=\"_blank\" rel=\"noopener\"><strong>Descargar Orde ministerial pola que se crea o Consello de Desenvolvemento Sustentable<\/strong><\/a><\/p>\n<p><strong>Observatorio Econom\u00eda Social<\/strong><\/p>","protected":false},"excerpt":{"rendered":"<p>O presidente do Goberno, Pedro S\u00e1nchez, presidiu o 26 de febreiro na Moncloa o acto de presentaci\u00f3n do Consello de Desenvolvemento Sustentable, creado segundo orde ministerial do pasado 22 de febreiro. No acto participaron a vicesecretaria xeral de Naci\u00f3ns Unidas, Amina\u00a0 Mohammed, de visita oficial no pa\u00eds, e a alta comisionada para a Axenda 2030, [&hellip;]<\/p>\n","protected":false},"author":3,"featured_media":7153,"comment_status":"closed","ping_status":"closed","sticky":false,"template":"","format":"standard","meta":[],"categories":[1],"tags":[],"_links":{"self":[{"href":"https:\/\/algalia.com\/gl\/wp-json\/wp\/v2\/posts\/7152"}],"collection":[{"href":"https:\/\/algalia.com\/gl\/wp-json\/wp\/v2\/posts"}],"about":[{"href":"https:\/\/algalia.com\/gl\/wp-json\/wp\/v2\/types\/post"}],"author":[{"embeddable":true,"href":"https:\/\/algalia.com\/gl\/wp-json\/wp\/v2\/users\/3"}],"replies":[{"embeddable":true,"href":"https:\/\/algalia.com\/gl\/wp-json\/wp\/v2\/comments?post=7152"}],"version-history":[{"count":6,"href":"https:\/\/algalia.com\/gl\/wp-json\/wp\/v2\/posts\/7152\/revisions"}],"predecessor-version":[{"id":7160,"href":"https:\/\/algalia.com\/gl\/wp-json\/wp\/v2\/posts\/7152\/revisions\/7160"}],"wp:featuredmedia":[{"embeddable":true,"href":"https:\/\/algalia.com\/gl\/wp-json\/wp\/v2\/media\/7153"}],"wp:attachment":[{"href":"https:\/\/algalia.com\/gl\/wp-json\/wp\/v2\/media?parent=7152"}],"wp:term":[{"taxonomy":"category","embeddable":true,"href":"https:\/\/algalia.com\/gl\/wp-json\/wp\/v2\/categories?post=7152"},{"taxonomy":"post_tag","embeddable":true,"href":"https:\/\/algalia.com\/gl\/wp-json\/wp\/v2\/tags?post=7152"}],"curies":[{"name":"wp","href":"https:\/\/api.w.org\/{rel}","templated":true}]}}