{"id":4137,"date":"2017-04-30T16:46:20","date_gmt":"2017-04-30T14:46:20","guid":{"rendered":"https:\/\/algalia.com\/?p=4137"},"modified":"2020-04-06T18:30:07","modified_gmt":"2020-04-06T16:30:07","slug":"algalia-presentase-no-programa-mellor-xuntos-da-crtvg","status":"publish","type":"post","link":"https:\/\/algalia.com\/gl\/algalia-presentase-no-programa-mellor-xuntos-da-crtvg\/","title":{"rendered":"Algalia presentase no programa &#8220;Mellor Xuntos&#8221; da CRTVG"},"content":{"rendered":"<p><img decoding=\"async\" loading=\"lazy\" class=\"alignleft wp-image-4174\" title=\"Reportaxe que nos fixeron a Algalia, sobre cooperativas\" src=\"https:\/\/algalia.com\/wp-content\/uploads\/2017\/05\/algalia-300x152.png\" alt=\"Algalia presentase no programa &quot;Mellor Xuntos&quot; da CRTVG\" width=\"434\" height=\"220\" \/><\/p>\n<p><strong>\u201cMellor xuntos\u201d<\/strong> \u00e9 un programa dedicado a dar a co\u00f1ecer as historias de distintas cooperativas galegas.<\/p>\n<p>Todas elas\u00a0comparten o mesmo esp\u00edrito de igualdade, de traballo e de esforzo. Os seus integrantes explicar\u00e1n que, independentemente da actividade empresarial \u00e1 que se dedique unha cooperativa, sempre se basear\u00e1 na filosof\u00eda de que xuntos se desempe\u00f1an mellor os oficios.<\/p>\n<p>No mes de abril sa\u00edu a reportaxe que nos fixeron a Algalia, e que nos gustar\u00eda compartir con todos vos, para que tam\u00e9n nos co\u00f1ezades un pouco mais, e como non, poder botar unhas risas!!! Nel contamos a nosa orixe, as inquietudes que nos moven, en fin&#8230;.que a desfrutedes!<\/p>\n<p>Pulsando <a href=\"http:\/\/www.crtvg.es\/tvg\/a-carta\/xeitura-algalia-antelco-e-val-xestoso\" target=\"_blank\" rel=\"noopener noreferrer\">aqu\u00ed<\/a> podedes ver o programa, somos a segunda experiencia, aproximadamente no minuto 9:40.<\/p>\n<p><strong>Celso G\u00e1ndara<br \/>\nXerente de\u00a0Algalia \u00a0Servizos para o Terceiro Sector<\/strong><\/p>\n<p>&nbsp;<\/p>","protected":false},"excerpt":{"rendered":"<p>\u201cMellor xuntos\u201d \u00e9 un programa dedicado a dar a co\u00f1ecer as historias de distintas cooperativas galegas. Todas elas\u00a0comparten o mesmo esp\u00edrito de igualdade, de traballo e de esforzo. Os seus integrantes explicar\u00e1n que, independentemente da actividade empresarial \u00e1 que se dedique unha cooperativa, sempre se basear\u00e1 na filosof\u00eda de que xuntos se desempe\u00f1an mellor os [&hellip;]<\/p>\n","protected":false},"author":3,"featured_media":4959,"comment_status":"closed","ping_status":"closed","sticky":false,"template":"","format":"standard","meta":[],"categories":[14],"tags":[],"_links":{"self":[{"href":"https:\/\/algalia.com\/gl\/wp-json\/wp\/v2\/posts\/4137"}],"collection":[{"href":"https:\/\/algalia.com\/gl\/wp-json\/wp\/v2\/posts"}],"about":[{"href":"https:\/\/algalia.com\/gl\/wp-json\/wp\/v2\/types\/post"}],"author":[{"embeddable":true,"href":"https:\/\/algalia.com\/gl\/wp-json\/wp\/v2\/users\/3"}],"replies":[{"embeddable":true,"href":"https:\/\/algalia.com\/gl\/wp-json\/wp\/v2\/comments?post=4137"}],"version-history":[{"count":20,"href":"https:\/\/algalia.com\/gl\/wp-json\/wp\/v2\/posts\/4137\/revisions"}],"predecessor-version":[{"id":4958,"href":"https:\/\/algalia.com\/gl\/wp-json\/wp\/v2\/posts\/4137\/revisions\/4958"}],"wp:featuredmedia":[{"embeddable":true,"href":"https:\/\/algalia.com\/gl\/wp-json\/wp\/v2\/media\/4959"}],"wp:attachment":[{"href":"https:\/\/algalia.com\/gl\/wp-json\/wp\/v2\/media?parent=4137"}],"wp:term":[{"taxonomy":"category","embeddable":true,"href":"https:\/\/algalia.com\/gl\/wp-json\/wp\/v2\/categories?post=4137"},{"taxonomy":"post_tag","embeddable":true,"href":"https:\/\/algalia.com\/gl\/wp-json\/wp\/v2\/tags?post=4137"}],"curies":[{"name":"wp","href":"https:\/\/api.w.org\/{rel}","templated":true}]}}