{"id":3660,"date":"2012-10-30T09:46:40","date_gmt":"2012-10-30T07:46:40","guid":{"rendered":"https:\/\/algalia.com\/es\/?p=3660"},"modified":"2020-04-06T18:30:21","modified_gmt":"2020-04-06T16:30:21","slug":"algalia-participa-i-encuentro-familias-personas-autismo-castilla-leon-juntos-construimos-nuevas-realedades","status":"publish","type":"post","link":"https:\/\/algalia.com\/gl\/algalia-participa-i-encuentro-familias-personas-autismo-castilla-leon-juntos-construimos-nuevas-realedades\/","title":{"rendered":"Algalia participa no I Encontro de familias de persoas con autismo de Castilla e Le\u00f3n &#8220;Juntos construimos nuevas realidades&#8221;"},"content":{"rendered":"<p><img decoding=\"async\" loading=\"lazy\" class=\"alignleft wp-image-3661\" src=\"https:\/\/algalia.com\/wp-content\/uploads\/2017\/03\/I_encuentro_familias_autismo_castilla_y_leon-300x118.jpg\" alt=\"Algalia participa no I Encontro de familias de persoas con autismo de Castilla e Le\u00f3n &quot;Juntos construimos nuevas realidades&quot;\" width=\"417\" height=\"164\" srcset=\"https:\/\/algalia.com\/wp-content\/uploads\/2017\/03\/I_encuentro_familias_autismo_castilla_y_leon-300x118.jpg 300w, https:\/\/algalia.com\/wp-content\/uploads\/2017\/03\/I_encuentro_familias_autismo_castilla_y_leon-768x302.jpg 768w, https:\/\/algalia.com\/wp-content\/uploads\/2017\/03\/I_encuentro_familias_autismo_castilla_y_leon-600x236.jpg 600w, https:\/\/algalia.com\/wp-content\/uploads\/2017\/03\/I_encuentro_familias_autismo_castilla_y_leon.jpg 800w\" sizes=\"(max-width: 417px) 100vw, 417px\" \/><\/p>\n<p>O 15 de setembro de 2012 celebrouse na Virxe do Cami\u00f1o (L\u00e9on) este primeiro encontro, promovido pola <a href=\"http:\/\/www.autismocastillayleon.com\/index.php?option=com_frontpage&amp;Itemid=1\" target=\"_blank\" rel=\"noopener noreferrer\">Federaci\u00f3n Autismo de Castilla e Le\u00f3n<\/a>, e dirixido a familiares de persoas con TEA (pais, irm\u00e1ns e amigos) de todas as asociaci\u00f3ns integradas na Federaci\u00f3n.<\/p>\n<p>David Pereiro, socio consultor do \u00c1rea de desenvolvemento organizacional, foi invitado a dinamizar o taller \u201c<a href=\"http:\/\/viejaweb.algalia.com\/files\/BOLETIN%20_Federacion_%20Autismo_%20Castilla_y_%20Leon_ANEXO.pdf\" target=\"_blank\" rel=\"noopener noreferrer\">Participaci\u00f3n das familias na organizaci\u00f3n das entidades. Modelos de xesti\u00f3n efectiva<\/a>\u201d , e charlar cos participantes sobre \u201cO movemento asociativo e a responsabilidade das familias\u201d.<\/p>\n<p><strong>Celso G\u00e1ndara<br \/>\nXerente de Algalia Servizos para o Terceiro Sector<\/strong><\/p>","protected":false},"excerpt":{"rendered":"<p>O 15 de setembro de 2012 celebrouse na Virxe do Cami\u00f1o (L\u00e9on) este primeiro encontro, promovido pola Federaci\u00f3n Autismo de Castilla e Le\u00f3n, e dirixido a familiares de persoas con TEA (pais, irm\u00e1ns e amigos) de todas as asociaci\u00f3ns integradas na Federaci\u00f3n. David Pereiro, socio consultor do \u00c1rea de desenvolvemento organizacional, foi invitado a dinamizar [&hellip;]<\/p>\n","protected":false},"author":3,"featured_media":4148,"comment_status":"closed","ping_status":"closed","sticky":false,"template":"","format":"standard","meta":[],"categories":[12],"tags":[31],"_links":{"self":[{"href":"https:\/\/algalia.com\/gl\/wp-json\/wp\/v2\/posts\/3660"}],"collection":[{"href":"https:\/\/algalia.com\/gl\/wp-json\/wp\/v2\/posts"}],"about":[{"href":"https:\/\/algalia.com\/gl\/wp-json\/wp\/v2\/types\/post"}],"author":[{"embeddable":true,"href":"https:\/\/algalia.com\/gl\/wp-json\/wp\/v2\/users\/3"}],"replies":[{"embeddable":true,"href":"https:\/\/algalia.com\/gl\/wp-json\/wp\/v2\/comments?post=3660"}],"version-history":[{"count":7,"href":"https:\/\/algalia.com\/gl\/wp-json\/wp\/v2\/posts\/3660\/revisions"}],"predecessor-version":[{"id":4936,"href":"https:\/\/algalia.com\/gl\/wp-json\/wp\/v2\/posts\/3660\/revisions\/4936"}],"wp:featuredmedia":[{"embeddable":true,"href":"https:\/\/algalia.com\/gl\/wp-json\/wp\/v2\/media\/4148"}],"wp:attachment":[{"href":"https:\/\/algalia.com\/gl\/wp-json\/wp\/v2\/media?parent=3660"}],"wp:term":[{"taxonomy":"category","embeddable":true,"href":"https:\/\/algalia.com\/gl\/wp-json\/wp\/v2\/categories?post=3660"},{"taxonomy":"post_tag","embeddable":true,"href":"https:\/\/algalia.com\/gl\/wp-json\/wp\/v2\/tags?post=3660"}],"curies":[{"name":"wp","href":"https:\/\/api.w.org\/{rel}","templated":true}]}}