{"id":3496,"date":"2017-03-02T17:35:00","date_gmt":"2017-03-02T15:35:00","guid":{"rendered":"https:\/\/algalia.com\/es\/?p=3496"},"modified":"2021-11-26T12:09:09","modified_gmt":"2021-11-26T10:09:09","slug":"cepes-solicita-que-lei-de-contratacion-publica-antenda-criterios-sociais","status":"publish","type":"post","link":"https:\/\/algalia.com\/gl\/cepes-solicita-que-lei-de-contratacion-publica-antenda-criterios-sociais\/","title":{"rendered":"CEPES solicita que a Lei de contrataci\u00f3n p\u00fablica atenda a criterios sociais"},"content":{"rendered":"<p><img decoding=\"async\" loading=\"lazy\" class=\"alignleft wp-image-3536\" src=\"https:\/\/algalia.com\/wp-content\/uploads\/2017\/03\/cepes-300x168.jpg\" alt=\"CEPES solicita que a Lei de contrataci\u00f3n p\u00fablica atenda a criterios sociais \" width=\"346\" height=\"194\" \/><\/p>\n<p>A Confederaci\u00f3n Empresarial Espa\u00f1ola da Econom\u00eda Social (<a href=\"http:\/\/www.cepes.es\/\">CEPES<\/a>), da que <a href=\"http:\/\/www.coceta.coop\/\">COCETA<\/a> forma parte, solicita aos grupos pol\u00edticos que o Proxecto de Lei de Contrataci\u00f3n P\u00fablica que se debate no Congreso atenda \u2013como reclama Europa\u2013 a criterios <strong>sociais e ambientais,<\/strong> e non soamente \u00e1 oferta m\u00e1is vantaxosa.<\/p>\n<p>As\u00ed o deu a entender nun comunicado. Segundo explicaron, CEPES mantivo \u201c contactos con todas as forzas pol\u00edticas con representaci\u00f3n parlamentaria para trasladar e inclu\u00edr no futuro texto lexislativo todas as s\u00faas propostas, en especial a transposici\u00f3n do artigo 77 da Directiva Europea, que non foi inclu\u00eddo no proxecto de lei\u201d.<\/p>\n<p>\u201c\u00c9 importante destacar que todos os grupos parlamentarios mostraron o seu apoio e reco\u00f1ecemento \u00e1s propostas de CEPES, polo que confiamos que as diferentes fases da tramitaci\u00f3n parlamentaria recollan os contidos propostos desde a Econom\u00eda Social, e supo\u00f1an un cambio na concepci\u00f3n da contrataci\u00f3n como unha ferramenta de pol\u00edtica p\u00fablica que contrib\u00fae \u00e1 xeraci\u00f3n de riqueza, emprego estable, cohesi\u00f3n social e territorial\u201d, sinalou o presidente de CEPES, Juan Antonio Pedre\u00f1o, quen tam\u00e9n preside COCETA.<\/p>\n<p>A patronal da econom\u00eda social\u00a0considera que este proxecto de lei, que sup\u00f3n o 20% do PIB, non aproveita todo o potencial que a Directiva Europea ofrece para que as empresas e entidades da Econom\u00eda Social participen nos procesos de contrataci\u00f3n p\u00fablica. \u201cActualmente\u201d, engadiu Pedre\u00f1o, \u201ca porcentaxe de contratos p\u00fablicos adxudicados a empresas e entidades da Econom\u00eda Social resulta moi escaso en relaci\u00f3n co seu peso real no PIB e no emprego\u201d.<\/p>\n<p>Para cambiar esta situaci\u00f3n, CEPES aposta porque a transposici\u00f3n ao ordenamento xur\u00eddico espa\u00f1ol incl\u00faa as propostas referidas a m\u00faltiples aspectos que non quedaron contemplados nos Proxectos de Lei, a pesar de que moitos deles foron defendidos polo Consello Econ\u00f3mico e Social.<\/p>\n<p>As\u00a0propostas de CEPES c\u00e9ntranse en superar o \u201cdesfasado concepto da oferta econ\u00f3mica m\u00e1is vantaxosa\u201d \u00e1 hora de adxudicar contratos p\u00fablicos, e substitu\u00edlo polo de \u201cmellor relaci\u00f3n calidade-prezo\u201d, como establece a Directiva; na inclusi\u00f3n obrigatoria de cl\u00e1usulas sociais nos criterios de adxudicaci\u00f3n e nas condici\u00f3ns de execuci\u00f3n dos contratos; na aplicaci\u00f3n efectiva e con garant\u00edas da reserva obrigatoria de contratos para as empresas cuxo obxecto social sexa a creaci\u00f3n de emprego para persoas con especiais dificultades de empleabilidad (Centros Especiais de Emprego, Empresas de Inserci\u00f3n e Cooperativas de Iniciativa Social); e en dotar \u00e1s Administraci\u00f3ns P\u00fablicas das ferramentas establecidas na Directiva para realizar reservas potestativas de contratos a favor de empresas propiedade dos traballadores, ou nas que os traballadores participan na s\u00faa xesti\u00f3n, sempre nas categor\u00edas de contratos de servizos sanitarios, educativos, culturais, sociais\u2026 tal e como establece o Artigo 77 da directiva.<\/p>\n<p>Ademais, CEPES considera necesario \u201cclarificar os supostos de subrogaciones empresariais que afectan a modelos espec\u00edficos de empresas de Econom\u00eda Social, Cooperativas de Traballo Asociado e Centros Especiais de Emprego; recoller na normativa estatal, por primeira vez, a posibilidade para as Administraci\u00f3ns P\u00fablicas de acollerse \u00e1s figuras de autorizaci\u00f3n e licenza (concertos sociais) para a provisi\u00f3n de servizos sociais por parte de operadores sen \u00e1nimo de lucro\u201d. E a plena efectividade inmediata da prohibici\u00f3n para contratar coas administraci\u00f3ns para aquelas empresas que incumpran a obrigaci\u00f3n de contratar a persoas con discapacidade (cota de reserva).<\/p>\n<p>CEPES cre\u00a0que a inclusi\u00f3n destas propostas na futura lexislaci\u00f3n espa\u00f1ola de contrataci\u00f3n p\u00fablica garantir\u00e1 a eficiencia e racionalizaci\u00f3n dos orzamentos p\u00fablicos, ao fomentar a participaci\u00f3n das pemes e empresas e entidades da Econom\u00eda Social, un sector que demostra que \u00e9 posible compaxinar a xeraci\u00f3n de riqueza coa cohesi\u00f3n social e territorial.<\/p>","protected":false},"excerpt":{"rendered":"<p>A Confederaci\u00f3n Empresarial Espa\u00f1ola da Econom\u00eda Social (CEPES), da que COCETA forma parte, solicita aos grupos pol\u00edticos que o Proxecto de Lei de Contrataci\u00f3n P\u00fablica que se debate no Congreso atenda \u2013como reclama Europa\u2013 a criterios sociais e ambientais, e non soamente \u00e1 oferta m\u00e1is vantaxosa. As\u00ed o deu a entender nun comunicado. Segundo explicaron, [&hellip;]<\/p>\n","protected":false},"author":3,"featured_media":3334,"comment_status":"closed","ping_status":"closed","sticky":false,"template":"","format":"standard","meta":[],"categories":[11],"tags":[21],"_links":{"self":[{"href":"https:\/\/algalia.com\/gl\/wp-json\/wp\/v2\/posts\/3496"}],"collection":[{"href":"https:\/\/algalia.com\/gl\/wp-json\/wp\/v2\/posts"}],"about":[{"href":"https:\/\/algalia.com\/gl\/wp-json\/wp\/v2\/types\/post"}],"author":[{"embeddable":true,"href":"https:\/\/algalia.com\/gl\/wp-json\/wp\/v2\/users\/3"}],"replies":[{"embeddable":true,"href":"https:\/\/algalia.com\/gl\/wp-json\/wp\/v2\/comments?post=3496"}],"version-history":[{"count":15,"href":"https:\/\/algalia.com\/gl\/wp-json\/wp\/v2\/posts\/3496\/revisions"}],"predecessor-version":[{"id":10991,"href":"https:\/\/algalia.com\/gl\/wp-json\/wp\/v2\/posts\/3496\/revisions\/10991"}],"wp:featuredmedia":[{"embeddable":true,"href":"https:\/\/algalia.com\/gl\/wp-json\/wp\/v2\/media\/3334"}],"wp:attachment":[{"href":"https:\/\/algalia.com\/gl\/wp-json\/wp\/v2\/media?parent=3496"}],"wp:term":[{"taxonomy":"category","embeddable":true,"href":"https:\/\/algalia.com\/gl\/wp-json\/wp\/v2\/categories?post=3496"},{"taxonomy":"post_tag","embeddable":true,"href":"https:\/\/algalia.com\/gl\/wp-json\/wp\/v2\/tags?post=3496"}],"curies":[{"name":"wp","href":"https:\/\/api.w.org\/{rel}","templated":true}]}}