{"id":2806,"date":"2016-02-04T14:31:00","date_gmt":"2016-02-04T12:31:00","guid":{"rendered":"https:\/\/algalia.com\/es\/?p=2806"},"modified":"2020-04-06T18:30:14","modified_gmt":"2020-04-06T16:30:14","slug":"algalia-cumpre-20-anos-2","status":"publish","type":"post","link":"https:\/\/algalia.com\/gl\/algalia-cumpre-20-anos-2\/","title":{"rendered":"Algalia cumpre 20 anos"},"content":{"rendered":"<p><img decoding=\"async\" loading=\"lazy\" class=\"alignright wp-image-2807\" src=\"https:\/\/algalia.com\/wp-content\/uploads\/2017\/01\/Logotipo_aniversario2.jpg\" alt=\"Algalia cumpre 20 anos\" width=\"282\" height=\"193\" \/><!--<script type=\"text\/javascript\" src=\"\/templates\/algalia\/javascript\/md_stylechanger.js\"><\/script>--><\/p>\n<div id=\"all\">\n<div id=\"wrapper\">\n<div id=\"main2\">\n<div id=\"contentarea2\">\n<div id=\"centro\">\n<div id=\"pagina\" class=\"pagina\">\n<p>O 31 de xaneiro de 1995 \u00e9 a data en da alta de IAE, dunha sociedade, que nac\u00eda baixo o nome de Algalia, trat\u00e1base dun paso m\u00e1is no cami\u00f1o de 7 mozos, que aspiraban a trav\u00e9s dun proxecto de autoemprego a canalizar as s\u00faas inquietudes, valores e forma de ver o mundo.<\/p>\n<p>O 31 de xaneiro de 2015, \u00e9 a data na que cumprimos 20 anos. Algalia \u00e9 un grupo, con base cooperativa, conform\u00e1mola 23 persoas, alg\u00fans mozos e outros xa homes e mulleres. Aspiramos a un ser un espazo de aprendizaxe, dende o cal canalizar inquietudes, valores e forma de ver o mundo.<\/p>\n<p>Queremos darvos as grazas, por todo o que nos destes.<br \/>\n<!--<script type=\"text\/javascript\" src=\"\/templates\/algalia\/javascript\/md_stylechanger.js\"><\/script>--><\/p>\n<div id=\"all\">\n<div id=\"wrapper\">\n<div id=\"main2\">\n<div id=\"contentarea2\">\n<div id=\"centro\">\n<div id=\"pagina\" class=\"pagina\">\n<p><strong>Celso G\u00e1ndara<br \/>\nXerente de Algalia Servizos para o Terceiro Sector<\/strong><\/p>\n<\/div>\n<\/div>\n<\/div>\n<\/div>\n<\/div>\n<\/div>\n<\/div>\n<\/div>\n<\/div>\n<\/div>\n<\/div>\n<\/div>\n<p><\/p>","protected":false},"excerpt":{"rendered":"<p>O 31 de xaneiro de 1995 \u00e9 a data en da alta de IAE, dunha sociedade, que nac\u00eda baixo o nome de Algalia, trat\u00e1base dun paso m\u00e1is no cami\u00f1o de 7 mozos, que aspiraban a trav\u00e9s dun proxecto de autoemprego a canalizar as s\u00faas inquietudes, valores e forma de ver o mundo. O 31 de [&hellip;]<\/p>\n","protected":false},"author":3,"featured_media":3986,"comment_status":"closed","ping_status":"closed","sticky":false,"template":"","format":"standard","meta":[],"categories":[14],"tags":[31],"_links":{"self":[{"href":"https:\/\/algalia.com\/gl\/wp-json\/wp\/v2\/posts\/2806"}],"collection":[{"href":"https:\/\/algalia.com\/gl\/wp-json\/wp\/v2\/posts"}],"about":[{"href":"https:\/\/algalia.com\/gl\/wp-json\/wp\/v2\/types\/post"}],"author":[{"embeddable":true,"href":"https:\/\/algalia.com\/gl\/wp-json\/wp\/v2\/users\/3"}],"replies":[{"embeddable":true,"href":"https:\/\/algalia.com\/gl\/wp-json\/wp\/v2\/comments?post=2806"}],"version-history":[{"count":7,"href":"https:\/\/algalia.com\/gl\/wp-json\/wp\/v2\/posts\/2806\/revisions"}],"predecessor-version":[{"id":4724,"href":"https:\/\/algalia.com\/gl\/wp-json\/wp\/v2\/posts\/2806\/revisions\/4724"}],"wp:featuredmedia":[{"embeddable":true,"href":"https:\/\/algalia.com\/gl\/wp-json\/wp\/v2\/media\/3986"}],"wp:attachment":[{"href":"https:\/\/algalia.com\/gl\/wp-json\/wp\/v2\/media?parent=2806"}],"wp:term":[{"taxonomy":"category","embeddable":true,"href":"https:\/\/algalia.com\/gl\/wp-json\/wp\/v2\/categories?post=2806"},{"taxonomy":"post_tag","embeddable":true,"href":"https:\/\/algalia.com\/gl\/wp-json\/wp\/v2\/tags?post=2806"}],"curies":[{"name":"wp","href":"https:\/\/api.w.org\/{rel}","templated":true}]}}