{"id":2485,"date":"2016-11-03T16:48:57","date_gmt":"2016-11-03T14:48:57","guid":{"rendered":"https:\/\/algalia.com\/?p=2485"},"modified":"2020-04-06T18:30:10","modified_gmt":"2020-04-06T16:30:10","slug":"celebramos-coa-e-f-xornada-sobre-no-va-lei-de-rexime-xuridico-sector-publico","status":"publish","type":"post","link":"https:\/\/algalia.com\/gl\/celebramos-coa-e-f-xornada-sobre-no-va-lei-de-rexime-xuridico-sector-publico\/","title":{"rendered":"Celebramos coa  A.E.F. a xornada sobre a nova Lei de R\u00e9xime Xur\u00eddico do Sector P\u00fablico"},"content":{"rendered":"<p><img decoding=\"async\" loading=\"lazy\" class=\"alignleft wp-image-2486\" src=\"https:\/\/algalia.com\/wp-content\/uploads\/2016\/11\/1610-Xornada-Fund-Sector-Publico-Foto-300x225.jpg\" alt=\"Celebramos coa A.E.F. a xornada sobre a nova Lei de R\u00e9xime Xur\u00eddico do Sector P\u00fablico\" width=\"359\" height=\"269\" srcset=\"https:\/\/algalia.com\/wp-content\/uploads\/2016\/11\/1610-Xornada-Fund-Sector-Publico-Foto-300x225.jpg 300w, https:\/\/algalia.com\/wp-content\/uploads\/2016\/11\/1610-Xornada-Fund-Sector-Publico-Foto.jpg 408w\" sizes=\"(max-width: 359px) 100vw, 359px\" \/><\/p>\n<p>O pasado 27 de outubro celebramos en Santiago de Compostela a xornada sobre o impacto nas fundaci\u00f3ns p\u00fablicas da nova lei que regula o sector p\u00fablico.<\/p>\n<p>Isabel Pe\u00f1alosa, responsable <strong>da asesor\u00eda \u00a0xur\u00eddica<\/strong> da Asociaci\u00f3n Espa\u00f1ola de Fundaciones, presentounos <strong>un panorama xeral da regulaci\u00f3n das fundaci\u00f3ns do sector p\u00fablico nos eidos xur\u00eddico, orzamentario, de contrataci\u00f3n, de subvenci\u00f3ns e de transparencia, rendici\u00f3n de contas e auditor\u00eda, con referencia espec\u00edfica aos datos e situaci\u00f3n en Galicia, para logo debullar as novidades derivadas da Lei 40\/2015, de R\u00e9xime Xur\u00eddico do Sector P\u00fablico, con preceptos de aplicaci\u00f3n directa xa e outros pendentes de adaptaci\u00f3n normativa auton\u00f3mica.<\/strong><\/p>\n<p>Ademais a xornada serviu para fomentar as relaci\u00f3ns entre os<strong> e as<\/strong> profesionais de distintas fundaci\u00f3ns do sector p\u00fablico en Galicia e poder compartir inquedanzas, d\u00fabidas, soluci\u00f3ns a cuesti\u00f3ns que cada unha est\u00e1n implementando <strong>ou vendo como poder implementar<\/strong>&#8230;. en fin <strong>CONSTRU\u00cdR, COMPARTIR E <\/strong>APRENDER.<\/p>\n<p><strong>Deix\u00e1mosvos un <a href=\"https:\/\/algalia.com\/wp-content\/uploads\/2016\/11\/1610-Xornada-Fund-Sector-Publico-Resume-Ley-sector-publico-AEF.pdf\" target=\"_blank\" rel=\"noopener noreferrer\">documento de an\u00e1lise do impacto da lei <\/a>elaborado pola Asociaci\u00f3n Espa\u00f1ola de Fundaciones.<\/strong><\/p>\n<p><strong>Celso G\u00e1ndara<\/strong><br \/>\n<strong>Xerente de\u00a0Algalia Servizos para o Terceiro Sector<\/strong><\/p>","protected":false},"excerpt":{"rendered":"<p>O pasado 27 de outubro celebramos en Santiago de Compostela a xornada sobre o impacto nas fundaci\u00f3ns p\u00fablicas da nova lei que regula o sector p\u00fablico. Isabel Pe\u00f1alosa, responsable da asesor\u00eda \u00a0xur\u00eddica da Asociaci\u00f3n Espa\u00f1ola de Fundaciones, presentounos un panorama xeral da regulaci\u00f3n das fundaci\u00f3ns do sector p\u00fablico nos eidos xur\u00eddico, orzamentario, de contrataci\u00f3n, de [&hellip;]<\/p>\n","protected":false},"author":3,"featured_media":2486,"comment_status":"closed","ping_status":"closed","sticky":false,"template":"","format":"standard","meta":[],"categories":[11],"tags":[21],"_links":{"self":[{"href":"https:\/\/algalia.com\/gl\/wp-json\/wp\/v2\/posts\/2485"}],"collection":[{"href":"https:\/\/algalia.com\/gl\/wp-json\/wp\/v2\/posts"}],"about":[{"href":"https:\/\/algalia.com\/gl\/wp-json\/wp\/v2\/types\/post"}],"author":[{"embeddable":true,"href":"https:\/\/algalia.com\/gl\/wp-json\/wp\/v2\/users\/3"}],"replies":[{"embeddable":true,"href":"https:\/\/algalia.com\/gl\/wp-json\/wp\/v2\/comments?post=2485"}],"version-history":[{"count":11,"href":"https:\/\/algalia.com\/gl\/wp-json\/wp\/v2\/posts\/2485\/revisions"}],"predecessor-version":[{"id":4246,"href":"https:\/\/algalia.com\/gl\/wp-json\/wp\/v2\/posts\/2485\/revisions\/4246"}],"wp:featuredmedia":[{"embeddable":true,"href":"https:\/\/algalia.com\/gl\/wp-json\/wp\/v2\/media\/2486"}],"wp:attachment":[{"href":"https:\/\/algalia.com\/gl\/wp-json\/wp\/v2\/media?parent=2485"}],"wp:term":[{"taxonomy":"category","embeddable":true,"href":"https:\/\/algalia.com\/gl\/wp-json\/wp\/v2\/categories?post=2485"},{"taxonomy":"post_tag","embeddable":true,"href":"https:\/\/algalia.com\/gl\/wp-json\/wp\/v2\/tags?post=2485"}],"curies":[{"name":"wp","href":"https:\/\/api.w.org\/{rel}","templated":true}]}}