{"id":2303,"date":"2016-09-30T08:41:59","date_gmt":"2016-09-30T06:41:59","guid":{"rendered":"https:\/\/algalia.com\/?p=2303"},"modified":"2020-04-06T18:30:10","modified_gmt":"2020-04-06T16:30:10","slug":"2303-2","status":"publish","type":"post","link":"https:\/\/algalia.com\/gl\/2303-2\/","title":{"rendered":"Actualizaci\u00f3n xur\u00eddica en contrataci\u00f3n p\u00fablica e centros especiais de emprego"},"content":{"rendered":"<p><img decoding=\"async\" loading=\"lazy\" class=\"alignleft wp-image-2304\" src=\"https:\/\/algalia.com\/wp-content\/uploads\/2016\/09\/asesoria-juridica-300x181.jpg\" alt=\"Actualizaci\u00f3n xur\u00eddica en contrataci\u00f3n p\u00fablica e centros especiais de emprego\" width=\"323\" height=\"195\" srcset=\"https:\/\/algalia.com\/wp-content\/uploads\/2016\/09\/asesoria-juridica-300x181.jpg 300w, https:\/\/algalia.com\/wp-content\/uploads\/2016\/09\/asesoria-juridica.jpg 380w\" sizes=\"(max-width: 323px) 100vw, 323px\" \/><\/p>\n<p>A asesor\u00eda xur\u00eddica de ALGALIA dedicar\u00e1 a primeira semana de outubro a actualizar e reforzar as materias de contrataci\u00f3n p\u00fablica e centros especiais de emprego.<\/p>\n<p>O CONSELLO XERAL DO PODER XUDICIAL, no marco de colaboraci\u00f3n co CONSELLO XERAL DA \u00a0AVOGAC\u00cdA ESPA\u00d1OLA, admitiu a nosa participaci\u00f3n, a trav\u00e9s do avogado de ALGALIA, na formaci\u00f3n especializada para xu\u00edces e xu\u00edzas sobre CONTRATACI\u00d3N NO SECTOR P\u00daBLICO: ASPECTOS SUSTANTIVOS E PROCESUAIS CON ESPECIAL REFERENCIA \u00c1S ESIXENCIAS DERIVADAS DO DEREITO DA UNI\u00d3N EUROPEA que se celebrar\u00e1 entre os d\u00edas 3 e 5 de outubro na Escola Xudicial en Madrid. Grazas \u00e1 mesma, poderemos contar, e poderemos contarvos, coas opini\u00f3ns e sentenzas m\u00e1is recentes sobre aspectos como as \u201cCuesti\u00f3ns controvertidas na xurisprudencia sobre contrataci\u00f3n p\u00fablica: desde a preparaci\u00f3n ata a adxudicaci\u00f3n e formalizaci\u00f3n dos contratos. Especial referencia aos criterios sociais&#8221; ou \u201cO sistema de recursos e de medidas cautelares na contrataci\u00f3n p\u00fablica: incidencia das novas directivas de contrataci\u00f3n p\u00fablica e algunhas cuesti\u00f3ns procesuais\u201d. Damos as\u00ed continuidade a unha das li\u00f1as de referencia en base \u00e1s cales se vi\u00f1eron organizando desde ALGALIA xornadas dirixidas en especial a fundaci\u00f3ns, pero con evidente aplicaci\u00f3n a asociaci\u00f3ns e tambi\u00e9n entidades con \u00e1nimo de lucro, por ser transversais.<\/p>\n<p>Por outra banda, terase presenza no XIV CONGRESO NACIONAL DE CENTROS ESPECIAIS DE EMPREGO que se celebrar\u00e1 nos dous d\u00edas seguintes, 6 e 7 de outubro, tam\u00e9n en Madrid. Organizado pola CONACEE, Confederaci\u00f3n Nacional de Centros Especiais de Emprego, tocar\u00e1 aspectos que consideramos de tanto interese como a APLICACI\u00d3N DAS CLAUSULAS SOCIAIS E CONTRATOS RESERVADOS \u00c1 CEE ou as INICIATIVAS LEXISLATIVAS EN MATERIA DE CEE.<\/p>\n<p>Confiamos en poder achegarvos contidos de interese tras dicha formaci\u00f3n e congreso.<\/p>\n<p><strong>Santiago M\u00edguez<br \/>\nResponsable da Asesor\u00eda Xur\u00eddica de Algalia Servizos para o Terceiro Sector<\/strong><\/p>","protected":false},"excerpt":{"rendered":"<p>A asesor\u00eda xur\u00eddica de ALGALIA dedicar\u00e1 a primeira semana de outubro a actualizar e reforzar as materias de contrataci\u00f3n p\u00fablica e centros especiais de emprego. O CONSELLO XERAL DO PODER XUDICIAL, no marco de colaboraci\u00f3n co CONSELLO XERAL DA \u00a0AVOGAC\u00cdA ESPA\u00d1OLA, admitiu a nosa participaci\u00f3n, a trav\u00e9s do avogado de ALGALIA, na formaci\u00f3n especializada para [&hellip;]<\/p>\n","protected":false},"author":3,"featured_media":2304,"comment_status":"closed","ping_status":"closed","sticky":false,"template":"","format":"standard","meta":[],"categories":[11],"tags":[21],"_links":{"self":[{"href":"https:\/\/algalia.com\/gl\/wp-json\/wp\/v2\/posts\/2303"}],"collection":[{"href":"https:\/\/algalia.com\/gl\/wp-json\/wp\/v2\/posts"}],"about":[{"href":"https:\/\/algalia.com\/gl\/wp-json\/wp\/v2\/types\/post"}],"author":[{"embeddable":true,"href":"https:\/\/algalia.com\/gl\/wp-json\/wp\/v2\/users\/3"}],"replies":[{"embeddable":true,"href":"https:\/\/algalia.com\/gl\/wp-json\/wp\/v2\/comments?post=2303"}],"version-history":[{"count":9,"href":"https:\/\/algalia.com\/gl\/wp-json\/wp\/v2\/posts\/2303\/revisions"}],"predecessor-version":[{"id":4259,"href":"https:\/\/algalia.com\/gl\/wp-json\/wp\/v2\/posts\/2303\/revisions\/4259"}],"wp:featuredmedia":[{"embeddable":true,"href":"https:\/\/algalia.com\/gl\/wp-json\/wp\/v2\/media\/2304"}],"wp:attachment":[{"href":"https:\/\/algalia.com\/gl\/wp-json\/wp\/v2\/media?parent=2303"}],"wp:term":[{"taxonomy":"category","embeddable":true,"href":"https:\/\/algalia.com\/gl\/wp-json\/wp\/v2\/categories?post=2303"},{"taxonomy":"post_tag","embeddable":true,"href":"https:\/\/algalia.com\/gl\/wp-json\/wp\/v2\/tags?post=2303"}],"curies":[{"name":"wp","href":"https:\/\/api.w.org\/{rel}","templated":true}]}}