{"id":16039,"date":"2026-01-26T13:27:45","date_gmt":"2026-01-26T11:27:45","guid":{"rendered":"https:\/\/algalia.com\/?p=16039"},"modified":"2026-01-29T13:44:34","modified_gmt":"2026-01-29T11:44:34","slug":"gran-impulso-do-programa-virada-17-edicions-transformando-liderados-e-organizacions-en-mais-de-300-persoas","status":"publish","type":"post","link":"https:\/\/algalia.com\/gl\/gran-impulso-do-programa-virada-17-edicions-transformando-liderados-e-organizacions-en-mais-de-300-persoas\/","title":{"rendered":"Gran impulso do Programa VIRADA: 17 edici\u00f3ns transformando liderados e organizaci\u00f3ns en m\u00e1is de 300 persoas"},"content":{"rendered":"<p><a href=\"https:\/\/algalia.com\/wp-content\/uploads\/2026\/01\/Virada.jpg\"><img decoding=\"async\" loading=\"lazy\" class=\"wp-image-16040 alignright\" src=\"https:\/\/algalia.com\/wp-content\/uploads\/2026\/01\/Virada.jpg\" alt=\"\" width=\"430\" height=\"258\" srcset=\"https:\/\/algalia.com\/wp-content\/uploads\/2026\/01\/Virada.jpg 700w, https:\/\/algalia.com\/wp-content\/uploads\/2026\/01\/Virada-300x180.jpg 300w, https:\/\/algalia.com\/wp-content\/uploads\/2026\/01\/Virada-610x366.jpg 610w\" sizes=\"(max-width: 430px) 100vw, 430px\" \/><\/a>O Programa VIRADA de Algalia contin\u00faa consolid\u00e1ndose como unha referencia formativa en Galicia para persoas, equipos e organizaci\u00f3ns que buscan mellorar o seu liderado, a s\u00faa efectividade e o seu benestar organizacional. Os datos de participaci\u00f3n de t\u00f3dalas s\u00faas edici\u00f3ns as\u00ed o confirman: Dos 349 participantes que pasaron por Virada nas s\u00faas distintas versi\u00f3ns, 158 persoas fix\u00e9rono en Virada Liderado, 164 persoas en Virada Equipos, e 27 en Virada Profundizaci\u00f3n (programa avanzado celebrado en 2019 e 2023).<\/p>\n<p>Estas cifras abranguen as 17 edici\u00f3ns realizadas ata a data: 9 de VIRADA Liderado, 6 de Equipos e 2 de Profundizaci\u00f3n. Un percorrido que pon de manifesto a acollida e a confianza da econom\u00eda social e entidades do terceiro sector nas propostas de formaci\u00f3n e acompa\u00f1amento de Algalia en colaboraci\u00f3n con <a href=\"https:\/\/edefundazioa.org\/\">EDE Fundazioa.<\/a><\/p>\n<p>O Programa VIRADA agrupa varias li\u00f1as formativas con enfoques complementarios:<\/p>\n<ol start=\"3\">\n<li><strong> Virada Liderado<\/strong> axuda a persoas con responsabilidades de direcci\u00f3n ou coordinaci\u00f3n a fortalecer competencias estrat\u00e9xicas, interpersoais e persoais para liderar con m\u00e1is eficacia e sensibilidade.<\/li>\n<li><strong> Virada Equipos<\/strong> c\u00e9ntrase en equipos naturais de organizaci\u00f3ns para mellorar a s\u00faa efectividade, desenvolver un liderado compartido e xerar din\u00e1micas relacionales m\u00e1is saudables e produtivas.<\/li>\n<li><strong> Virada Profundizaci\u00f3n<\/strong> ofrece un nivel avanzado de formaci\u00f3n que profunda no exercicio do liderado e mesmo facilita o acceso ao #M\u00e1ster en Coaching de Mondragon Unibertsitatea.<\/li>\n<\/ol>\n<p>Participar en VIRADA non s\u00f3 achega ferramentas pr\u00e1cticas e competencias valiosas, sen\u00f3n que tam\u00e9n ten impactos directos tanto para os traballadores como para as entidades sociais que os invitan a participar:<\/p>\n<p><em>&#8211; Persoais e profesionais:<\/em> os participantes desenvolven habilidades como comunicaci\u00f3n efectiva, xesti\u00f3n emocional, toma de decisi\u00f3ns e liderado consciente, que melloran a s\u00faa desempe\u00f1o e benestar laboral.<\/p>\n<p><em>&#8211; Equipos m\u00e1is cohesionados:<\/em> as metodolox\u00edas utilizadas facilitan unha colaboraci\u00f3n m\u00e1is profunda, con equipos capaces de responder mellor a retos e de xerar relaci\u00f3ns m\u00e1is sas e produtivas.<\/p>\n<p><em>&#8211; Impacto organizacional:<\/em> as entidades observan melloras na s\u00faa cultura e na s\u00faa capacidade de adaptaci\u00f3n grazas ao desenvolvemento de competencias sist\u00e9micas e relacionales nos seus equipos e l\u00edderes.<\/p>\n<p>&nbsp;<\/p>\n<p><strong>\u00daltima oportunidade para inscribirse en VIRADA 2026<\/strong><\/p>\n<p>O per\u00edodo de inscrici\u00f3n para as pr\u00f3ximas edici\u00f3ns de Virada Liderado e Virada Equipos est\u00e1 aberto ata o <strong>13 de febreiro de 2026.<\/strong> As prazas son limitadas e a experiencia, segundo moitas organizaci\u00f3ns participantes, \u00e9 altamente transformadora tanto para as persoas como para as estruturas que conforman. Consulta o sitio oficial de <a href=\"https:\/\/algalia.com\/gl\/programa-virada\/\">Algalia<\/a> e descobre cal das propostas de VIRADA ad\u00e1ptase mellor aos teus obxectivos profesionais ou organizacionales.<\/p>\n<p>&nbsp;<\/p>\n<p><strong>VIRADA LIDERADO<\/strong><\/p>\n<p><strong>\u00a0<\/strong>Consulta toda a informaci\u00f3n detallada <a href=\"https:\/\/algalia.com\/gl\/programa-virada\/virada-liderado\/\">AQU\u00cd<\/a>.<\/p>\n<p>Podes cubrir a ficha de inscrici\u00f3n <a href=\"https:\/\/algalia.com\/gl\/formulario-de-inscripcion\/\">AQU\u00cd<\/a>.<\/p>\n<p>&nbsp;<\/p>\n<p><strong>VIRADA EQUIPOS<\/strong><\/p>\n<p><strong>\u00a0<\/strong>Lembra inscribir ao teu equipo contactando co responsable do programa, David Pereiro, no correo <a href=\"mailto:david.pereiro@algalia.com\">david.pereiro@algalia.com<\/a> ou no tel\u00e9fono 687 87 94 14. Consulta toda a informaci\u00f3n detallada <a href=\"https:\/\/algalia.com\/gl\/programa-virada\/virada-equipos\/\">AQU\u00cd<\/a>.<\/p>","protected":false},"excerpt":{"rendered":"<p>O Programa VIRADA de Algalia contin\u00faa consolid\u00e1ndose como unha referencia formativa en Galicia para persoas, equipos e organizaci\u00f3ns que buscan mellorar o seu liderado, a s\u00faa efectividade e o seu benestar organizacional. Os datos de participaci\u00f3n de t\u00f3dalas s\u00faas edici\u00f3ns as\u00ed o confirman: Dos 349 participantes que pasaron por Virada nas s\u00faas distintas versi\u00f3ns, 158 [&hellip;]<\/p>\n","protected":false},"author":3,"featured_media":16040,"comment_status":"closed","ping_status":"closed","sticky":false,"template":"","format":"standard","meta":[],"categories":[12,53],"tags":[27,26,39],"_links":{"self":[{"href":"https:\/\/algalia.com\/gl\/wp-json\/wp\/v2\/posts\/16039"}],"collection":[{"href":"https:\/\/algalia.com\/gl\/wp-json\/wp\/v2\/posts"}],"about":[{"href":"https:\/\/algalia.com\/gl\/wp-json\/wp\/v2\/types\/post"}],"author":[{"embeddable":true,"href":"https:\/\/algalia.com\/gl\/wp-json\/wp\/v2\/users\/3"}],"replies":[{"embeddable":true,"href":"https:\/\/algalia.com\/gl\/wp-json\/wp\/v2\/comments?post=16039"}],"version-history":[{"count":3,"href":"https:\/\/algalia.com\/gl\/wp-json\/wp\/v2\/posts\/16039\/revisions"}],"predecessor-version":[{"id":16043,"href":"https:\/\/algalia.com\/gl\/wp-json\/wp\/v2\/posts\/16039\/revisions\/16043"}],"wp:featuredmedia":[{"embeddable":true,"href":"https:\/\/algalia.com\/gl\/wp-json\/wp\/v2\/media\/16040"}],"wp:attachment":[{"href":"https:\/\/algalia.com\/gl\/wp-json\/wp\/v2\/media?parent=16039"}],"wp:term":[{"taxonomy":"category","embeddable":true,"href":"https:\/\/algalia.com\/gl\/wp-json\/wp\/v2\/categories?post=16039"},{"taxonomy":"post_tag","embeddable":true,"href":"https:\/\/algalia.com\/gl\/wp-json\/wp\/v2\/tags?post=16039"}],"curies":[{"name":"wp","href":"https:\/\/api.w.org\/{rel}","templated":true}]}}