{"id":15577,"date":"2025-05-07T17:27:57","date_gmt":"2025-05-07T15:27:57","guid":{"rendered":"https:\/\/algalia.com\/?p=15577"},"modified":"2025-05-07T18:13:44","modified_gmt":"2025-05-07T16:13:44","slug":"teal-un-virada-para-a-transformacion-cultural-de-entidades-de-economia-social","status":"publish","type":"post","link":"https:\/\/algalia.com\/gl\/teal-un-virada-para-a-transformacion-cultural-de-entidades-de-economia-social\/","title":{"rendered":"TEAL: Un VIRADA para a transformaci\u00f3n cultural de entidades de econom\u00eda social"},"content":{"rendered":"<p><em>Con VIRADA Teal, ALGALIA completa a proposta dese\u00f1ada hai case dez anos para o Programa VIRADA. Nel vimos promovendo procesos de desenvolvemento do liderado en persoas con\u00a0 responsabilidades directivas e de coordinaci\u00f3n (Liderado e Profundizaci\u00f3n), e facilitando a efectividade de equipos naturais no desenvolvemento da s\u00faa misi\u00f3n (Equipos). <\/em><\/p>\n<p><em>Agora queremos acompa\u00f1ar a \u201cvirada\u201d de organizaci\u00f3ns da Econom\u00eda social en Galicia cara a referentes de liderado compartido, responsable e sostible coa nosa proposta VIRADA Teal, un itinerario con referencia TEAL para a evoluci\u00f3n da cultura organizativa na econom\u00eda social.<\/em><\/p>\n<p>&nbsp;<\/p>\n<p><strong>En que consiste VIRADA Teal?<\/strong><\/p>\n<p>VIRADA Teal non vai de converterse en tres anos nunha organizaci\u00f3n TEAL, sen\u00f3n de evolucionar, desde a situaci\u00f3n propia e mobilizando as capacidades de cada entidade participante, cara unha cultura organizativa m\u00e1is evolucionada dentro do paradigma TEAL. Vai de medrar e fortalecer a organizaci\u00f3n.<\/p>\n<p>No<strong> <a href=\"https:\/\/algalia.com\/wp-content\/uploads\/2025\/05\/DOSSIER_VIRADA_TEAL_2025_BR-1.pdf\">Dossier<\/a><\/strong> do Programa, poder\u00e1s atopar unha descrici\u00f3n detallada sobre cal \u00e9 a finalidade de VIRADA Teal, o seu obxectivo, que tipo de organizaci\u00f3ns poden aproveitar esta oportunidade, cales son os beneficios que obter\u00edan, unha explicaci\u00f3n do que \u00e9 o paradigma TEAL e a transformaci\u00f3n cultural, cal \u00e9 o itinerario do Programa e o investimento a realizar.<\/p>\n<p>&nbsp;<\/p>\n<p><strong>Para quen \u00e9?<\/strong><\/p>\n<p>VIRADA Teal merece a t\u00faa atenci\u00f3n se a t\u00faa entidade aspira a xerar espazos de confianza e responsabilidade onde o prop\u00f3sito da entidade evolucione para achegar un impacto relevante aos grupos de interese internos e da s\u00faa contorna; se a t\u00faa entidade quere traballar para que todas as persoas que forman parte dela, traballadoras, promotoras, destinatarias, beneficiarias, proveedoras&#8230; conecten a s\u00faa vida de forma m\u00e1is plena co prop\u00f3sito da mesma.<\/p>\n<p>Se a t\u00faa entidade quere avanzar na xeraci\u00f3n de espazos de corresponsabilidade, onde a autoxesti\u00f3n equilibre liberdade e responsabilidade, VIRADA Teal pode ser unha ferramenta na t\u00faa estratexia.<\/p>\n<p>Se queres afondar un pouco m\u00e1is nestes conceptos, invit\u00e1moste a ver esta inspiradora <a href=\"https:\/\/www.youtube.com\/watch?v=yRoFPmD_xZ0\">conversa<\/a> que o noso colaborador en VIRADA Teal, Ander Mimenza, responsable de Servizos de transformaci\u00f3n organizacional de EDE Fundazioa, trasladou nas xornadas &#8220;Kudeaketa Aurreratuaren Kongresua. Cuidado y fidelizacio\u0301n de personas&#8221;, celebradas o 17 de outubro de 2024 no Palacio Euskalduna de Bilbao.<\/p>\n<p>&nbsp;<\/p>\n<p><strong>Quen promove e quen acompa\u00f1a?<\/strong><\/p>\n<p>Para esta edici\u00f3n de VIRADA Teal, que comprende un acompa\u00f1amento a cada entidade participante de case dous anos e medio (outubro de 2025 a decembro de 2027), ALGALIA conta co apoio e respaldo de CEPES (Confederaci\u00f3n Empresarial Espa\u00f1ola da Econom\u00eda Social), quen a trav\u00e9s do programa EFESO, financiado polo FSE+ (Fondo Social Europeo Plus), sost\u00e9n economicamente VIRADA Teal nun 60% dos seus insumos de inversi\u00f3n econ\u00f3mica.<\/p>\n<p>Para o acompa\u00f1amento das entidades, ALGALIA por\u00e1 a disposici\u00f3n do Programa os consultores do seu Negocio de Consultor\u00eda e parte dos membros de Equipo de coachs de VIRADA. Ademais, VIRADA Teal afondar\u00e1 na colaboraci\u00f3n de ALGALIA con <a href=\"https:\/\/edefundazioa.org\/\">EDE Fundazioa<\/a> e colaborar\u00e1 con outras entidades da Rede TEAL da que forma parte: <a href=\"https:\/\/latam.mondragon.edu\/es\/mondragon-unibertsitatea\">Mondragon Unibertsiatea<\/a> de Euskadi, Consorcio Andaluz de Impulso Social (<a href=\"https:\/\/cais.coop\/\">CAIS<\/a>) de Sevilla para Andaluc\u00eda e Estremadura, <a href=\"https:\/\/maimona.org\/\">Fundaci\u00f3n Maimona<\/a> de Estremadura, <a href=\"https:\/\/www.kultiba.net\/\">Kultiba<\/a> de Euskadi e <a href=\"https:\/\/changenavigators.net\/\">Change Navigators<\/a> de Zaragoza para Arag\u00f3n e Catalu\u00f1a.<\/p>\n<p>&nbsp;<\/p>\n<p><strong>Como apuntarse e canto costa?<\/strong><\/p>\n<p>A inscrici\u00f3n remata o 22 de setembro de 2025, e para inscribirse en VIRADA Teal temos que conversar. C\u00f3mpre falar sobre o alcance da participaci\u00f3n, os requirimentos do Programa, as motivaci\u00f3ns para embarcarse nesta virada&#8230; e con todo isto, armar un orzamento de inversi\u00f3n personalizado.<\/p>\n<p>VIRADA Teal \u00e9 un investimento para o presente e para o futuro que conta cunha axuda dun 60% grazas a CEPES.<\/p>\n<p><strong>Falamos?<\/strong><\/p>\n<p><strong>\u00a0<\/strong><\/p>\n<ul>\n<li>Celso G\u00e1ndara\/ <a href=\"mailto:celso.gandara@algalia.com\">gandara@algalia.com<\/a> \/ 687 87 94 12<\/li>\n<li>David Pereiro\/ <a href=\"mailto:david.pereiro@algalia.com\">pereiro@algalia.com<\/a> \/687 87 94 14<\/li>\n<li>Miguel Barbosa\/ <a href=\"mailto:miguel.barbosa@algalia.com\">barbosa@algalia.com<\/a> \/ 637 48 24 84<\/li>\n<\/ul>\n<p>&nbsp;<\/p>\n<p><em>David Pereiro, responsable do Programa VIRADA.<\/em><\/p>\n<p>&nbsp;<\/p>\n<p style=\"text-align: center;\"><strong><span class=\"OYPEnA font-feature-liga-off font-feature-clig-off font-feature-calt-off text-decoration-none text-strikethrough-none\">Este proxecto conta co respaldo da Confederaci\u00f3n Empresarial Espa\u00f1ola da Econom\u00eda Social (CEPES) <\/span><\/strong><\/p>\n<p style=\"text-align: center;\"><strong><span class=\"OYPEnA font-feature-liga-off font-feature-clig-off font-feature-calt-off text-decoration-none text-strikethrough-none\">e forma parte do programa EFESO, financiado polo Fondo Social Europeo Plus (FSE+).<\/span> <\/strong><\/p>\n<p><a href=\"https:\/\/algalia.com\/wp-content\/uploads\/2025\/05\/Tira_LOGOS.png\"><img decoding=\"async\" loading=\"lazy\" class=\"wp-image-15580 aligncenter\" src=\"https:\/\/algalia.com\/wp-content\/uploads\/2025\/05\/Tira_LOGOS.png\" alt=\"\" width=\"817\" height=\"97\" srcset=\"https:\/\/algalia.com\/wp-content\/uploads\/2025\/05\/Tira_LOGOS.png 1558w, https:\/\/algalia.com\/wp-content\/uploads\/2025\/05\/Tira_LOGOS-300x36.png 300w, https:\/\/algalia.com\/wp-content\/uploads\/2025\/05\/Tira_LOGOS-1024x122.png 1024w, https:\/\/algalia.com\/wp-content\/uploads\/2025\/05\/Tira_LOGOS-768x91.png 768w, https:\/\/algalia.com\/wp-content\/uploads\/2025\/05\/Tira_LOGOS-1536x182.png 1536w, https:\/\/algalia.com\/wp-content\/uploads\/2025\/05\/Tira_LOGOS-610x72.png 610w\" sizes=\"(max-width: 817px) 100vw, 817px\" \/><\/a><\/p>\n<p>&nbsp;<\/p>","protected":false},"excerpt":{"rendered":"<p>Con VIRADA Teal, ALGALIA completa a proposta dese\u00f1ada hai case dez anos para o Programa VIRADA. Nel vimos promovendo procesos de desenvolvemento do liderado en persoas con\u00a0 responsabilidades directivas e de coordinaci\u00f3n (Liderado e Profundizaci\u00f3n), e facilitando a efectividade de equipos naturais no desenvolvemento da s\u00faa misi\u00f3n (Equipos). Agora queremos acompa\u00f1ar a \u201cvirada\u201d de organizaci\u00f3ns [&hellip;]<\/p>\n","protected":false},"author":3,"featured_media":15578,"comment_status":"closed","ping_status":"closed","sticky":false,"template":"","format":"standard","meta":[],"categories":[12,48,53],"tags":[31,27,39],"_links":{"self":[{"href":"https:\/\/algalia.com\/gl\/wp-json\/wp\/v2\/posts\/15577"}],"collection":[{"href":"https:\/\/algalia.com\/gl\/wp-json\/wp\/v2\/posts"}],"about":[{"href":"https:\/\/algalia.com\/gl\/wp-json\/wp\/v2\/types\/post"}],"author":[{"embeddable":true,"href":"https:\/\/algalia.com\/gl\/wp-json\/wp\/v2\/users\/3"}],"replies":[{"embeddable":true,"href":"https:\/\/algalia.com\/gl\/wp-json\/wp\/v2\/comments?post=15577"}],"version-history":[{"count":4,"href":"https:\/\/algalia.com\/gl\/wp-json\/wp\/v2\/posts\/15577\/revisions"}],"predecessor-version":[{"id":15585,"href":"https:\/\/algalia.com\/gl\/wp-json\/wp\/v2\/posts\/15577\/revisions\/15585"}],"wp:featuredmedia":[{"embeddable":true,"href":"https:\/\/algalia.com\/gl\/wp-json\/wp\/v2\/media\/15578"}],"wp:attachment":[{"href":"https:\/\/algalia.com\/gl\/wp-json\/wp\/v2\/media?parent=15577"}],"wp:term":[{"taxonomy":"category","embeddable":true,"href":"https:\/\/algalia.com\/gl\/wp-json\/wp\/v2\/categories?post=15577"},{"taxonomy":"post_tag","embeddable":true,"href":"https:\/\/algalia.com\/gl\/wp-json\/wp\/v2\/tags?post=15577"}],"curies":[{"name":"wp","href":"https:\/\/api.w.org\/{rel}","templated":true}]}}