{"id":15464,"date":"2025-03-18T19:43:10","date_gmt":"2025-03-18T17:43:10","guid":{"rendered":"https:\/\/algalia.com\/?p=15464"},"modified":"2025-05-07T18:14:53","modified_gmt":"2025-05-07T16:14:53","slug":"cinco-entidades-da-economia-social-galega-inician-formacion-en-virada-equipos-2025","status":"publish","type":"post","link":"https:\/\/algalia.com\/gl\/cinco-entidades-da-economia-social-galega-inician-formacion-en-virada-equipos-2025\/","title":{"rendered":"Cinco entidades da econom\u00eda social galega inician formaci\u00f3n en Virada Equipos 2025"},"content":{"rendered":"<p><a href=\"https:\/\/algalia.com\/wp-content\/uploads\/2025\/03\/VE25_OK-scaled.jpg\"><img decoding=\"async\" loading=\"lazy\" class=\" wp-image-15465 alignright\" src=\"https:\/\/algalia.com\/wp-content\/uploads\/2025\/03\/VE25_OK-scaled.jpg\" alt=\"\" width=\"505\" height=\"303\" srcset=\"https:\/\/algalia.com\/wp-content\/uploads\/2025\/03\/VE25_OK-scaled.jpg 2560w, https:\/\/algalia.com\/wp-content\/uploads\/2025\/03\/VE25_OK-300x180.jpg 300w, https:\/\/algalia.com\/wp-content\/uploads\/2025\/03\/VE25_OK-1024x614.jpg 1024w, https:\/\/algalia.com\/wp-content\/uploads\/2025\/03\/VE25_OK-768x461.jpg 768w, https:\/\/algalia.com\/wp-content\/uploads\/2025\/03\/VE25_OK-1536x921.jpg 1536w, https:\/\/algalia.com\/wp-content\/uploads\/2025\/03\/VE25_OK-2048x1228.jpg 2048w, https:\/\/algalia.com\/wp-content\/uploads\/2025\/03\/VE25_OK-610x366.jpg 610w\" sizes=\"(max-width: 505px) 100vw, 505px\" \/><\/a>Cinco entidades da econom\u00eda social galega, un\u00edronse o pasado 27 de febreiro \u00e1 s\u00e9tima edici\u00f3n de <a href=\"https:\/\/algalia.com\/es\/programa-virada\/virada-equipos\/\"><em>VIRADA Equipos<\/em><\/a>, a proposta de ALGALIA e EDE FUNDAZIOA para o fortalecemento de equipos de entidades de econom\u00eda social.<\/p>\n<p><a href=\"https:\/\/algalia.com\/es\/programa-virada\/virada-equipos\/\"><em>VIRADA Equipos<\/em><\/a> focal\u00edzase no acompa\u00f1amento \u00e1s persoas e o propio equipo, como unha realidade distinta dos seus membros. \u00c9 unha invitaci\u00f3n para que o grupo, nesta edici\u00f3n conformado por 30 persoas, reflexione, xere un pensamento cr\u00edtico, e estimule diferentes puntos de vista que lle dea m\u00e1is posibilidades no seu crecemento.<\/p>\n<p>O programa vert\u00e9brase ao redor dos seguintes eixos:<\/p>\n<ul>\n<li>Aplicaci\u00f3n da Metodolox\u00eda Belbin de roles de equipo.<\/li>\n<li>Encontros presenciais outdoor.<\/li>\n<li>Talleres de contidos sobre liderado.<\/li>\n<li>Coaching de equipo.<\/li>\n<\/ul>\n<p>As entidades que participar\u00e1n nesta s\u00e9tima edici\u00f3n de Virada Equipos son:<\/p>\n<ul>\n<li><span style=\"color: #ff6600;\"><strong>SA\u00daDE MENTAL <\/strong><strong>A<\/strong><strong> MARI\u00d1A<\/strong><\/span><\/li>\n<li><span style=\"color: #ff6600;\"><strong>ASOCIACI\u00d3N <\/strong><strong>ASPAS<\/strong><\/span><\/li>\n<li><span style=\"color: #ff6600;\"><strong>DOWN<\/strong><strong> CORU\u00d1A<\/strong><\/span><\/li>\n<li><span style=\"color: #ff6600;\"><strong>EDV GALICIA<\/strong><\/span><\/li>\n<li><span style=\"color: #ff6600;\"><strong>SACAUNTOS S.Coop.Galega<\/strong><\/span><\/li>\n<\/ul>\n<p>O vindeiro 3 de abril ter\u00e1 lugar o obradoiro sobre liderado na Cidade da Cultura, en Compostela, antes do descanso de Semana Santa.<\/p>","protected":false},"excerpt":{"rendered":"<p>Cinco entidades da econom\u00eda social galega, un\u00edronse o pasado 27 de febreiro \u00e1 s\u00e9tima edici\u00f3n de VIRADA Equipos, a proposta de ALGALIA e EDE FUNDAZIOA para o fortalecemento de equipos de entidades de econom\u00eda social. VIRADA Equipos focal\u00edzase no acompa\u00f1amento \u00e1s persoas e o propio equipo, como unha realidade distinta dos seus membros. \u00c9 unha [&hellip;]<\/p>\n","protected":false},"author":3,"featured_media":15465,"comment_status":"closed","ping_status":"closed","sticky":false,"template":"","format":"standard","meta":[],"categories":[12,53],"tags":[31,27,39],"_links":{"self":[{"href":"https:\/\/algalia.com\/gl\/wp-json\/wp\/v2\/posts\/15464"}],"collection":[{"href":"https:\/\/algalia.com\/gl\/wp-json\/wp\/v2\/posts"}],"about":[{"href":"https:\/\/algalia.com\/gl\/wp-json\/wp\/v2\/types\/post"}],"author":[{"embeddable":true,"href":"https:\/\/algalia.com\/gl\/wp-json\/wp\/v2\/users\/3"}],"replies":[{"embeddable":true,"href":"https:\/\/algalia.com\/gl\/wp-json\/wp\/v2\/comments?post=15464"}],"version-history":[{"count":1,"href":"https:\/\/algalia.com\/gl\/wp-json\/wp\/v2\/posts\/15464\/revisions"}],"predecessor-version":[{"id":15466,"href":"https:\/\/algalia.com\/gl\/wp-json\/wp\/v2\/posts\/15464\/revisions\/15466"}],"wp:featuredmedia":[{"embeddable":true,"href":"https:\/\/algalia.com\/gl\/wp-json\/wp\/v2\/media\/15465"}],"wp:attachment":[{"href":"https:\/\/algalia.com\/gl\/wp-json\/wp\/v2\/media?parent=15464"}],"wp:term":[{"taxonomy":"category","embeddable":true,"href":"https:\/\/algalia.com\/gl\/wp-json\/wp\/v2\/categories?post=15464"},{"taxonomy":"post_tag","embeddable":true,"href":"https:\/\/algalia.com\/gl\/wp-json\/wp\/v2\/tags?post=15464"}],"curies":[{"name":"wp","href":"https:\/\/api.w.org\/{rel}","templated":true}]}}