{"id":15462,"date":"2025-03-05T19:35:16","date_gmt":"2025-03-05T17:35:16","guid":{"rendered":"https:\/\/algalia.com\/?p=15462"},"modified":"2025-05-07T18:15:25","modified_gmt":"2025-05-07T16:15:25","slug":"da-comezo-virada-liderazgo-2025-coa-participacion-de-quince-entidades-sociais","status":"publish","type":"post","link":"https:\/\/algalia.com\/gl\/da-comezo-virada-liderazgo-2025-coa-participacion-de-quince-entidades-sociais\/","title":{"rendered":"Da comezo Virada Liderado 2025 coa participaci\u00f3n de quince entidades sociais"},"content":{"rendered":"<p><a href=\"https:\/\/algalia.com\/wp-content\/uploads\/2025\/03\/VL25_OK-scaled.jpg\"><img decoding=\"async\" loading=\"lazy\" class=\" wp-image-15460 alignright\" src=\"https:\/\/algalia.com\/wp-content\/uploads\/2025\/03\/VL25_OK-scaled.jpg\" alt=\"\" width=\"462\" height=\"277\" srcset=\"https:\/\/algalia.com\/wp-content\/uploads\/2025\/03\/VL25_OK-scaled.jpg 2560w, https:\/\/algalia.com\/wp-content\/uploads\/2025\/03\/VL25_OK-300x180.jpg 300w, https:\/\/algalia.com\/wp-content\/uploads\/2025\/03\/VL25_OK-1024x614.jpg 1024w, https:\/\/algalia.com\/wp-content\/uploads\/2025\/03\/VL25_OK-768x461.jpg 768w, https:\/\/algalia.com\/wp-content\/uploads\/2025\/03\/VL25_OK-1536x921.jpg 1536w, https:\/\/algalia.com\/wp-content\/uploads\/2025\/03\/VL25_OK-2048x1229.jpg 2048w, https:\/\/algalia.com\/wp-content\/uploads\/2025\/03\/VL25_OK-610x366.jpg 610w\" sizes=\"(max-width: 462px) 100vw, 462px\" \/><\/a>O pasado 25 de febreiro comezou, na s\u00faa novena edici\u00f3n, o programa <a href=\"https:\/\/algalia.com\/gl\/programa-virada\/virada-liderado\/\">VIRADA Liderado<\/a>, coa participaci\u00f3n de quince entidades da econom\u00eda social galega.<\/p>\n<p>En concreto, nas pr\u00f3ximas semanas, vinte e seis persoas vinculadas ao cooperativismo e ao terceiro sector de acci\u00f3n social conf\u00edan na proposta de ALGALIA e EDE FUNDAZIOA, para desenvolver e fomentar o liderado en entidades de econom\u00eda social.<\/p>\n<p>O prop\u00f3sito de VIRADA Liderado \u00e9 contribu\u00edr a que persoas con responsabilidades directivas ou de coordinaci\u00f3n de equipos, responsabilidades en exercicio ou futuras, adquiran competencias estrat\u00e9xicas, interpersoais e persoais que as capaciten para o desenvolvemento dun liderado m\u00e1is efectivo.<\/p>\n<p>As actividades principais que estruturan ao programa e que se desenvolver\u00e1n nos pr\u00f3ximos meses son:<\/p>\n<ul>\n<li>Encontros presenciais outdoor.<\/li>\n<li>Talleres de contido sobre liderado.<\/li>\n<li>Coaching persoal.<\/li>\n<li>Proxecto de Impacto Organizacional.<\/li>\n<\/ul>\n<p>A continuaci\u00f3n, present\u00e1mosvos \u00e1s entidades participantes desta edici\u00f3n:<\/p>\n<p><span style=\"color: #ff6600;\"><strong>\u00a0 \u00a0 \u00a0 \u00a01. Abeluria S.Coop<\/strong><\/span><\/p>\n<p><span style=\"color: #ff6600;\"><strong>\u00a0 \u00a0 \u00a0 2. AGACA<\/strong><\/span><\/p>\n<p><span style=\"color: #ff6600;\"><strong>\u00a0 \u00a0 \u00a0 3. ALENTO<\/strong><\/span><\/p>\n<p><span style=\"color: #ff6600;\"><strong>\u00a0 \u00a0 \u00a0 4. Algalia<\/strong><\/span><\/p>\n<p><span style=\"color: #ff6600;\"><strong>\u00a0 \u00a0 \u00a0 5. AMIPA<\/strong><\/span><\/p>\n<p><span style=\"color: #ff6600;\"><strong>\u00a0 \u00a0 \u00a0 6. Avelai\u00f1a<\/strong><strong> SA\u00daDE MENTAL<\/strong><\/span><\/p>\n<p><span style=\"color: #ff6600;\"><strong>\u00a0 \u00a0 \u00a0 7. Autismo BATA<\/strong><\/span><\/p>\n<p><span style=\"color: #ff6600;\"><strong>\u00a0 \u00a0 \u00a0 8. ASOCIACI\u00d3N NOSA SE\u00d1ORA DE <\/strong><strong>CHAMORRO<\/strong><\/span><\/p>\n<p><span style=\"color: #ff6600;\"><strong>\u00a0 \u00a0 \u00a0 9. COGAMI<\/strong><\/span><\/p>\n<p><span style=\"color: #ff6600;\"><strong>\u00a0 \u00a0 \u00a010. DOWN GALICIA<\/strong><\/span><\/p>\n<p><span style=\"color: #ff6600;\"><strong>\u00a0 \u00a0 \u00a011. DOWN OURENSE<\/strong><\/span><\/p>\n<p><span style=\"color: #ff6600;\"><strong>\u00a0 \u00a012. EVD GALICIA<\/strong><\/span><\/p>\n<p><span style=\"color: #ff6600;\"><strong>\u00a0 \u00a013. FUNDACI\u00d3N UNIVERSIDADE VIGO<\/strong><\/span><\/p>\n<p><span style=\"color: #ff6600;\"><strong>\u00a0 14. MAIER FERROPLAST<\/strong><\/span><\/p>\n<p><span style=\"color: #ff6600;\"><strong>\u00a0 \u00a015. ASOCIACI\u00d3N SAN XEROME EMILIANI<\/strong><\/span><\/p>\n<p>&nbsp;<\/p>\n<p>A formaci\u00f3n retomarase os vindeiros 24 e 25 de abril trala Semana Santa.<\/p>","protected":false},"excerpt":{"rendered":"<p>O pasado 25 de febreiro comezou, na s\u00faa novena edici\u00f3n, o programa VIRADA Liderado, coa participaci\u00f3n de quince entidades da econom\u00eda social galega. En concreto, nas pr\u00f3ximas semanas, vinte e seis persoas vinculadas ao cooperativismo e ao terceiro sector de acci\u00f3n social conf\u00edan na proposta de ALGALIA e EDE FUNDAZIOA, para desenvolver e fomentar o [&hellip;]<\/p>\n","protected":false},"author":3,"featured_media":15460,"comment_status":"closed","ping_status":"closed","sticky":false,"template":"","format":"standard","meta":[],"categories":[12,53],"tags":[31,27,39],"_links":{"self":[{"href":"https:\/\/algalia.com\/gl\/wp-json\/wp\/v2\/posts\/15462"}],"collection":[{"href":"https:\/\/algalia.com\/gl\/wp-json\/wp\/v2\/posts"}],"about":[{"href":"https:\/\/algalia.com\/gl\/wp-json\/wp\/v2\/types\/post"}],"author":[{"embeddable":true,"href":"https:\/\/algalia.com\/gl\/wp-json\/wp\/v2\/users\/3"}],"replies":[{"embeddable":true,"href":"https:\/\/algalia.com\/gl\/wp-json\/wp\/v2\/comments?post=15462"}],"version-history":[{"count":4,"href":"https:\/\/algalia.com\/gl\/wp-json\/wp\/v2\/posts\/15462\/revisions"}],"predecessor-version":[{"id":15472,"href":"https:\/\/algalia.com\/gl\/wp-json\/wp\/v2\/posts\/15462\/revisions\/15472"}],"wp:featuredmedia":[{"embeddable":true,"href":"https:\/\/algalia.com\/gl\/wp-json\/wp\/v2\/media\/15460"}],"wp:attachment":[{"href":"https:\/\/algalia.com\/gl\/wp-json\/wp\/v2\/media?parent=15462"}],"wp:term":[{"taxonomy":"category","embeddable":true,"href":"https:\/\/algalia.com\/gl\/wp-json\/wp\/v2\/categories?post=15462"},{"taxonomy":"post_tag","embeddable":true,"href":"https:\/\/algalia.com\/gl\/wp-json\/wp\/v2\/tags?post=15462"}],"curies":[{"name":"wp","href":"https:\/\/api.w.org\/{rel}","templated":true}]}}