{"id":1525,"date":"2016-06-06T11:32:07","date_gmt":"2016-06-06T09:32:07","guid":{"rendered":"https:\/\/algalia.com\/?p=1525"},"modified":"2020-04-06T18:30:11","modified_gmt":"2020-04-06T16:30:11","slug":"aprobada-nova-lei-de-economia-social-de-galicia","status":"publish","type":"post","link":"https:\/\/algalia.com\/gl\/aprobada-nova-lei-de-economia-social-de-galicia\/","title":{"rendered":"Aprobada nova Lei de Econom\u00eda Social de Galicia"},"content":{"rendered":"<p><img decoding=\"async\" loading=\"lazy\" class=\"alignright wp-image-1524\" src=\"https:\/\/algalia.com\/wp-content\/uploads\/2016\/06\/wb_ley-210x140.png\" alt=\"Aprobada nova Lei de Econom\u00eda Social de Galicia\" width=\"308\" height=\"205\" \/><\/p>\n<p><strong>Tendo en conta as potencialidades da econom\u00eda social e as competencias que ten atribu\u00eddas a Comunidade Aut\u00f3noma de Galicia nesta materia, resulta importante a aprobaci\u00f3n dunha norma legal que dote o sector dunha regulaci\u00f3n propia en sinton\u00eda coa realidade galega e que fomente a s\u00faa consolidaci\u00f3n e expansi\u00f3n.<\/strong><\/p>\n<p>A econom\u00eda social engloba un conxunto de actividades econ\u00f3micas e empresariais que no \u00e1mbito privado levan a cabo entidades que perseguen, ben o interese colectivo das persoas que o integran, ben o interese xeral econ\u00f3mico ou social, ou ambos, mostr\u00e1ndose d\u00eda a d\u00eda como un actor fundamental no desenvolvemento da sociedade actual.<\/p>\n<p>Esta Lei da econom\u00eda social de Galicia ten entre os seus obxectivos principais o de po\u00f1er en valor este sector econ\u00f3mico, dotalo da relevancia que merece polas s\u00faas achegas \u00e1 sociedade e impulsar a s\u00faa capacidade de xerar un modelo de desenvolvemento econ\u00f3mico e social equilibrado e sustentable.<\/p>\n<p><strong>Por medio desta lei int\u00e9grase o sector, at\u00e9 o de agora disperso<\/strong>, situ\u00e1ndose nun plano de participaci\u00f3n que abre canles de interlocuci\u00f3n capaces de mellorar a eficacia das pol\u00edticas activas de emprego e a dinamizaci\u00f3n econ\u00f3mica e social de Galicia. As\u00ed mesmo, establ\u00e9cense mecanismos de coordinaci\u00f3n entre os distintos axentes p\u00fablicos e as entidades de econom\u00eda social, que facilitan concretar obxectivos e aglutinar esforzos e incentivos para o desenvolvemento do sector.<\/p>\n<p>A lei estrut\u00farase en catro cap\u00edtulos con dezaoito artigos, cinco disposici\u00f3ns adicionais, d\u00faas transitorias, unha derogatoria e cinco \u00faltimas.<\/p>\n<ul>\n<li>O <strong>cap\u00edtulo primeiro <\/strong>recolle as disposici\u00f3ns xerais e nel refl\u00edctese o obxecto da norma, no que destaca a vontade de conseguir un maior reco\u00f1ecemento e visibilidade do conxunto das entidades asociativas que conforman a econom\u00eda social, as\u00ed como a de fomentar o seu desenvolvemento. Def\u00ednense o concepto de econom\u00eda social, o \u00e1mbito de aplicaci\u00f3n e os valores e principios orientadores com\u00fans, tendo en conta os aspectos singulares derivados da realidade galega.<\/li>\n<li>O <strong>cap\u00edtulo segundo<\/strong> identifica as entidades que forman parte da econom\u00eda social en Galicia e establece as bases da s\u00faa organizaci\u00f3n e representaci\u00f3n. Entre as achegas singulares que realiza a lei, fai falta destacar a incorporaci\u00f3n das comunidades de montes veci\u00f1ais en man com\u00fan, instituci\u00f3n peculiar recollida no dereito civil galego, ao Cat\u00e1logo galego de entidades da econom\u00eda social.<\/li>\n<li>O <strong>terceiro cap\u00edtulo<\/strong> define o marco galego de participaci\u00f3n do sector respectando as competencias atribu\u00eddas ao Consello Galego de Cooperativas. Cr\u00e9ase o Consello da Econom\u00eda Social de Galicia como \u00f3rgano de car\u00e1cter consultivo e asesor para as actividades relacionadas coa econom\u00eda social, tam\u00e9n en materia de promoci\u00f3n e difusi\u00f3n da econom\u00eda social.<\/li>\n<li>O <strong>cuarto e \u00faltimo cap\u00edtulo <\/strong>c\u00e9ntrase na promoci\u00f3n, no fomento e na difusi\u00f3n da econom\u00eda social, dos seus principios e valores, e incorpora obxectivos espec\u00edficos para un eficaz despregamento deste labor en todo o territorio galego, entre os que fai falta destacar a especial referencia ao labor de impulso e dinamizaci\u00f3n do autoemprego, do emprendimiento de base cooperativa e da colaboraci\u00f3n empresarial.<\/li>\n<\/ul>\n<p><a href=\"https:\/\/algalia.com\/files\/Lei_6-2016_Economia_social_de_Galicia-2.pdf\">Ver a norma completa<\/a>, segundo DOG n\u00ba 93, do 4 de maio de 2016.<\/p>","protected":false},"excerpt":{"rendered":"<p>Tendo en conta as potencialidades da econom\u00eda social e as competencias que ten atribu\u00eddas a Comunidade Aut\u00f3noma de Galicia nesta materia, resulta importante a aprobaci\u00f3n dunha norma legal que dote o sector dunha regulaci\u00f3n propia en sinton\u00eda coa realidade galega e que fomente a s\u00faa consolidaci\u00f3n e expansi\u00f3n. A econom\u00eda social engloba un conxunto de [&hellip;]<\/p>\n","protected":false},"author":3,"featured_media":1524,"comment_status":"closed","ping_status":"closed","sticky":false,"template":"","format":"standard","meta":[],"categories":[11],"tags":[21],"_links":{"self":[{"href":"https:\/\/algalia.com\/gl\/wp-json\/wp\/v2\/posts\/1525"}],"collection":[{"href":"https:\/\/algalia.com\/gl\/wp-json\/wp\/v2\/posts"}],"about":[{"href":"https:\/\/algalia.com\/gl\/wp-json\/wp\/v2\/types\/post"}],"author":[{"embeddable":true,"href":"https:\/\/algalia.com\/gl\/wp-json\/wp\/v2\/users\/3"}],"replies":[{"embeddable":true,"href":"https:\/\/algalia.com\/gl\/wp-json\/wp\/v2\/comments?post=1525"}],"version-history":[{"count":5,"href":"https:\/\/algalia.com\/gl\/wp-json\/wp\/v2\/posts\/1525\/revisions"}],"predecessor-version":[{"id":4279,"href":"https:\/\/algalia.com\/gl\/wp-json\/wp\/v2\/posts\/1525\/revisions\/4279"}],"wp:featuredmedia":[{"embeddable":true,"href":"https:\/\/algalia.com\/gl\/wp-json\/wp\/v2\/media\/1524"}],"wp:attachment":[{"href":"https:\/\/algalia.com\/gl\/wp-json\/wp\/v2\/media?parent=1525"}],"wp:term":[{"taxonomy":"category","embeddable":true,"href":"https:\/\/algalia.com\/gl\/wp-json\/wp\/v2\/categories?post=1525"},{"taxonomy":"post_tag","embeddable":true,"href":"https:\/\/algalia.com\/gl\/wp-json\/wp\/v2\/tags?post=1525"}],"curies":[{"name":"wp","href":"https:\/\/api.w.org\/{rel}","templated":true}]}}