{"id":14719,"date":"2024-03-22T12:53:33","date_gmt":"2024-03-22T10:53:33","guid":{"rendered":"https:\/\/algalia.com\/?p=14719"},"modified":"2024-10-30T21:23:28","modified_gmt":"2024-10-30T19:23:28","slug":"somos-algalia-begona-suarez-coach-do-programa-virada","status":"publish","type":"post","link":"https:\/\/algalia.com\/gl\/somos-algalia-begona-suarez-coach-do-programa-virada\/","title":{"rendered":"Somos Algalia: Bego\u00f1a Su\u00e1rez, coach do Programa Virada"},"content":{"rendered":"<p><img decoding=\"async\" loading=\"lazy\" class=\"wp-image-14720 alignright\" src=\"https:\/\/algalia.com\/wp-content\/uploads\/2024\/03\/20240322-Foto-Bego-300x184.jpg\" alt=\"\" width=\"449\" height=\"276\" srcset=\"https:\/\/algalia.com\/wp-content\/uploads\/2024\/03\/20240322-Foto-Bego-300x184.jpg 300w, https:\/\/algalia.com\/wp-content\/uploads\/2024\/03\/20240322-Foto-Bego-610x375.jpg 610w, https:\/\/algalia.com\/wp-content\/uploads\/2024\/03\/20240322-Foto-Bego.jpg 700w\" sizes=\"(max-width: 449px) 100vw, 449px\" \/><\/p>\n<p>Licenciada en Dereito, Bego\u00f1a Su\u00e1rez \u00e9 xerente da Asociaci\u00f3n AMIPA desde 2009 e colaboradora de ALGALIA como coach en VIRADA desde 2018. O Programa Virada constit\u00fae o programa de formaci\u00f3n e acompa\u00f1amento creado por Algalia en colaboraci\u00f3n con outras entidades, para persoas, equipos e organizaci\u00f3ns, fai xa sete anos.<\/p>\n<p>Bego\u00f1a Su\u00e1rez desenvolveu o seu labor profesional na administraci\u00f3n local e como formadora en diversos cursos relacionados co \u00e1mbito xur\u00eddico e social, na administraci\u00f3n local e en entidades non lucrativas, onde promoveu e promove diferentes programas de desenvolvemento sobre x\u00e9nero e diversidade<\/p>\n<p><strong>1.- Unha longa traxectoria profesional dedicada a mellorar a vida das persoas, que este mes foi reco\u00f1ecida co Premio Rumorosa 2024 concedido polo Concello de Padr\u00f3n. Que sup\u00f3n para ti este reco\u00f1ecemento??<\/strong><\/p>\n<p>Este reco\u00f1ecemento sup\u00f3n para min <strong>visibilizar<\/strong>, xunto a outras mulleres inspiradoras e referentes, un labor profesional de m\u00e1is de 15 anos, traballando con, por e para persoas vulnerables na Asociaci\u00f3n AMIPA, en especial, mulleres con discapacidade, \u00e1s que nos une o desexo de ocupar o noso lugar no mundo, sen ter que pedir permiso. As\u00ed mesmo, tam\u00e9n sup\u00f3n <strong>po\u00f1er en valor o feminino<\/strong>, nun sector de acci\u00f3n social feminizado, vinculado aos <strong>coidados.<\/strong><\/p>\n<p>E por \u00faltimo, poder <strong>celebrar<\/strong> que \u00e9 posible crear espazos de cambio social liderados por mulleres en contornas rurais, profesionalizados, humanizados, de calidade e sostibles (sen criterios puramente economicistas).<\/p>\n<p><strong>\u00a02.- <\/strong><strong>Cales son os retos aos que se enfrontan, hoxe en d\u00eda, os colectivos m\u00e1is vulnerables e como podemos apoialos desde as nosas entidades?<\/strong><\/p>\n<p>Desde o meu punto de vista o maior reto \u00e9 o ser vistas e escoitadas, e poder exercer a s\u00faa cidadan\u00eda de pleno dereito en contextos que lles seguen obrigando a esperar, <em>sine die<\/em>, a ser reco\u00f1ecidas e inclu\u00eddas nun mundo que xa lles pertence\u2026 A imaxe que me evoca esta situaci\u00f3n \u00e9 a de persoas que te\u00f1en que estar en lista de espera toda a s\u00faa vida&#8230;<\/p>\n<p>Desde as nosas entidades de acci\u00f3n social podemos apoialas s\u00f3 desde modelos de acompa\u00f1amento constru\u00eddos coas persoas consideradas vulnerables. Tendo como referente a Ester Ortega (Constru\u00edr Cidadan\u00eda desde o coti\u00e1n e Fundaci\u00f3n Inclusi\u00f3n e Apoio Aprocor), <strong>xerando espazos compartidos<\/strong> de inspiraci\u00f3n mutua e acompa\u00f1ando \u00e1s persoas pregunt\u00e1ndonos para que, como e desde que estado interno fac\u00e9molo, co-creando, entre todas, cambios e levando a cabo propostas concretas que permitan o bo vivir de cada persoa. Todo iso \u201cpara crear unha sociedade inclusiva, baseada en dereitos, apoiada por comunidades locais onde as persoas coid\u00e1monos mutuamente e coidamos da contorna\u201d.<\/p>\n<p>E desde entidades en transformaci\u00f3n, en contornas tan incertas e cambiantes como os actuais, que evolucionen cara a unha novo paradigma que lles permita enfrontar novos retos, a trav\u00e9s dunha cultura organizativa renovada como \u00e9 o paradigma TEAL, baseado en tres principios: prop\u00f3sito evolutivo, equipos autoxestionados e plenitude ou benestar dos seus integrantes.<\/p>\n<p><strong>3.- Formas parte do Programa Virada practicamente desde os seus inicios, e este ano xa cumpre sete anos, que sup\u00f3n acompa\u00f1ar a profesionais e equipos da econom\u00eda social no desenvolvemento dun liderado m\u00e1is efectivo?<\/strong><\/p>\n<p>Formo parte do equipo do Programa Virada de Algalia desde o ano 2018, despois de participar nun itinerario formativo dun ano en Euskadi, que comezou co programa de liderado de EDE Fundazioa, BIDERA (hom\u00f3nimo de VIRADA en Galicia) e que culminou cun M\u00e1ster de Coaching de persoas e Equipos na Mondragon Unibertsitatea.<\/p>\n<p>Poder acompa\u00f1ar a profesionais e equipos da econom\u00eda social no desenvolvemento dun liderado m\u00e1is efectivo sup\u00f3n unha oportunidade de relaci\u00f3n e aprendizaxe mutua \u00fanica, con persoas e equipos de diferentes organizaci\u00f3ns (asociaci\u00f3ns, fundaci\u00f3ns, cooperativas\u2026) que ano tras ano conf\u00edan na proposta de VIRADA para procesos de transformaci\u00f3n das s\u00faas organizaci\u00f3ns.<\/p>\n<p>\u00c9 un aut\u00e9ntico luxo poder contribu\u00edr a procesos de cambio persoais e organizacionais nun equipo VIRADA de nove profesionais, diverso e complementario, cunha ampla experiencia en acompa\u00f1amento e en continuo proceso de formaci\u00f3n, aprendizaxe e evoluci\u00f3n.<\/p>","protected":false},"excerpt":{"rendered":"<p>Licenciada en Dereito, Bego\u00f1a Su\u00e1rez \u00e9 xerente da Asociaci\u00f3n AMIPA desde 2009 e colaboradora de ALGALIA como coach en VIRADA desde 2018. O Programa Virada constit\u00fae o programa de formaci\u00f3n e acompa\u00f1amento creado por Algalia en colaboraci\u00f3n con outras entidades, para persoas, equipos e organizaci\u00f3ns, fai xa sete anos. Bego\u00f1a Su\u00e1rez desenvolveu o seu labor [&hellip;]<\/p>\n","protected":false},"author":3,"featured_media":14720,"comment_status":"closed","ping_status":"closed","sticky":false,"template":"","format":"standard","meta":[],"categories":[12,53],"tags":[31,27,26,39],"_links":{"self":[{"href":"https:\/\/algalia.com\/gl\/wp-json\/wp\/v2\/posts\/14719"}],"collection":[{"href":"https:\/\/algalia.com\/gl\/wp-json\/wp\/v2\/posts"}],"about":[{"href":"https:\/\/algalia.com\/gl\/wp-json\/wp\/v2\/types\/post"}],"author":[{"embeddable":true,"href":"https:\/\/algalia.com\/gl\/wp-json\/wp\/v2\/users\/3"}],"replies":[{"embeddable":true,"href":"https:\/\/algalia.com\/gl\/wp-json\/wp\/v2\/comments?post=14719"}],"version-history":[{"count":6,"href":"https:\/\/algalia.com\/gl\/wp-json\/wp\/v2\/posts\/14719\/revisions"}],"predecessor-version":[{"id":14726,"href":"https:\/\/algalia.com\/gl\/wp-json\/wp\/v2\/posts\/14719\/revisions\/14726"}],"wp:featuredmedia":[{"embeddable":true,"href":"https:\/\/algalia.com\/gl\/wp-json\/wp\/v2\/media\/14720"}],"wp:attachment":[{"href":"https:\/\/algalia.com\/gl\/wp-json\/wp\/v2\/media?parent=14719"}],"wp:term":[{"taxonomy":"category","embeddable":true,"href":"https:\/\/algalia.com\/gl\/wp-json\/wp\/v2\/categories?post=14719"},{"taxonomy":"post_tag","embeddable":true,"href":"https:\/\/algalia.com\/gl\/wp-json\/wp\/v2\/tags?post=14719"}],"curies":[{"name":"wp","href":"https:\/\/api.w.org\/{rel}","templated":true}]}}