{"id":14127,"date":"2023-10-27T11:48:43","date_gmt":"2023-10-27T09:48:43","guid":{"rendered":"https:\/\/algalia.com\/?p=14127"},"modified":"2023-10-27T11:59:22","modified_gmt":"2023-10-27T09:59:22","slug":"algalia-participa-na-homenaxe-a-antonio-fuentetaja-director-xerente-de-fademga","status":"publish","type":"post","link":"https:\/\/algalia.com\/gl\/algalia-participa-na-homenaxe-a-antonio-fuentetaja-director-xerente-de-fademga\/","title":{"rendered":"Algalia participa na homenaxe a Antonio Fuentetaja, director-xerente de Fademga"},"content":{"rendered":"<p><img decoding=\"async\" loading=\"lazy\" class=\"wp-image-14128 alignright\" src=\"https:\/\/algalia.com\/wp-content\/uploads\/2023\/10\/fademgaOK_2-300x185.jpg\" alt=\"\" width=\"400\" height=\"246\" srcset=\"https:\/\/algalia.com\/wp-content\/uploads\/2023\/10\/fademgaOK_2-300x185.jpg 300w, https:\/\/algalia.com\/wp-content\/uploads\/2023\/10\/fademgaOK_2-768x472.jpg 768w, https:\/\/algalia.com\/wp-content\/uploads\/2023\/10\/fademgaOK_2-610x375.jpg 610w, https:\/\/algalia.com\/wp-content\/uploads\/2023\/10\/fademgaOK_2.jpg 907w\" sizes=\"(max-width: 400px) 100vw, 400px\" \/><\/p>\n<p>O pasado 30 de setembro, o responsable de persoal e asesor laboral de Algalia, Rafael Carrasco, asistiu, xunto \u00e1 compa\u00f1eira do Servizo Laboral, Isaura Vilas, \u00e1 homenaxe dedicada a Antonio Fuentetaja Cervelo, director-xerente de Fademga-Plena Inclusi\u00f3n Galicia, por motivo da s\u00faa xubilaci\u00f3n.<\/p>\n<p>O hotel Os Abetos foi o escenario escollido para o reco\u00f1ecemento, ante os seus compa\u00f1eiros, amigos e familiares, \u00e1 s\u00faa dedicaci\u00f3n e traballo en favor dos colectivos de persoas con discapacidade integrados na federaci\u00f3n.<\/p>\n<p>Ao evento asistiron tam\u00e9n varios representantes do panorama pol\u00edtico galego, entre eles a alcaldesa de Santiago de Compostela, Goretti Sanmart\u00edn, o portavoz socialista en Raxoi, Gonzalo Mu\u00ed\u00f1os, ou a directora xeral de Persoas con Discapacidade da Xunta de Galicia, Bego\u00f1a Abeij\u00f3n, quen destacou o esforzo de Antonio Fuentetaja por \u201cdar visibilidade e concienciar ao conxunto d\u00e1 sociedade sobre a necesidade de seguir avanzando na integraci\u00f3n destas persoas en todos vos \u00e1mbitos\u201d.<\/p>\n<p>Todo o equipo de Algalia s\u00famase\u00a0 a este reco\u00f1ecemento da traxectoria persoal e profesional de Antonio Fuentetaja tras 28 anos de colaboraci\u00f3n.<\/p>\n<p>&nbsp;<\/p>","protected":false},"excerpt":{"rendered":"<p>O pasado 30 de setembro, o responsable de persoal e asesor laboral de Algalia, Rafael Carrasco, asistiu, xunto \u00e1 compa\u00f1eira do Servizo Laboral, Isaura Vilas, \u00e1 homenaxe dedicada a Antonio Fuentetaja Cervelo, director-xerente de Fademga-Plena Inclusi\u00f3n Galicia, por motivo da s\u00faa xubilaci\u00f3n. O hotel Os Abetos foi o escenario escollido para o reco\u00f1ecemento, ante os [&hellip;]<\/p>\n","protected":false},"author":3,"featured_media":14129,"comment_status":"closed","ping_status":"closed","sticky":false,"template":"","format":"standard","meta":[],"categories":[11,48],"tags":[],"_links":{"self":[{"href":"https:\/\/algalia.com\/gl\/wp-json\/wp\/v2\/posts\/14127"}],"collection":[{"href":"https:\/\/algalia.com\/gl\/wp-json\/wp\/v2\/posts"}],"about":[{"href":"https:\/\/algalia.com\/gl\/wp-json\/wp\/v2\/types\/post"}],"author":[{"embeddable":true,"href":"https:\/\/algalia.com\/gl\/wp-json\/wp\/v2\/users\/3"}],"replies":[{"embeddable":true,"href":"https:\/\/algalia.com\/gl\/wp-json\/wp\/v2\/comments?post=14127"}],"version-history":[{"count":2,"href":"https:\/\/algalia.com\/gl\/wp-json\/wp\/v2\/posts\/14127\/revisions"}],"predecessor-version":[{"id":14131,"href":"https:\/\/algalia.com\/gl\/wp-json\/wp\/v2\/posts\/14127\/revisions\/14131"}],"wp:featuredmedia":[{"embeddable":true,"href":"https:\/\/algalia.com\/gl\/wp-json\/wp\/v2\/media\/14129"}],"wp:attachment":[{"href":"https:\/\/algalia.com\/gl\/wp-json\/wp\/v2\/media?parent=14127"}],"wp:term":[{"taxonomy":"category","embeddable":true,"href":"https:\/\/algalia.com\/gl\/wp-json\/wp\/v2\/categories?post=14127"},{"taxonomy":"post_tag","embeddable":true,"href":"https:\/\/algalia.com\/gl\/wp-json\/wp\/v2\/tags?post=14127"}],"curies":[{"name":"wp","href":"https:\/\/api.w.org\/{rel}","templated":true}]}}