{"id":14019,"date":"2023-09-25T09:24:34","date_gmt":"2023-09-25T07:24:34","guid":{"rendered":"https:\/\/algalia.com\/?p=14019"},"modified":"2023-11-16T17:55:47","modified_gmt":"2023-11-16T15:55:47","slug":"abrese-o-prazo-para-inscribirse-no-programa-virada-2024","status":"publish","type":"post","link":"https:\/\/algalia.com\/gl\/abrese-o-prazo-para-inscribirse-no-programa-virada-2024\/","title":{"rendered":"\u00c1brese o prazo para inscribirse no Programa VIRADA 2024"},"content":{"rendered":"<p><img decoding=\"async\" loading=\"lazy\" class=\"alignright wp-image-14020\" src=\"https:\/\/algalia.com\/wp-content\/uploads\/2023\/09\/1-300x184.jpg\" alt=\"\" width=\"451\" height=\"277\" srcset=\"https:\/\/algalia.com\/wp-content\/uploads\/2023\/09\/1-300x184.jpg 300w, https:\/\/algalia.com\/wp-content\/uploads\/2023\/09\/1-1024x629.jpg 1024w, https:\/\/algalia.com\/wp-content\/uploads\/2023\/09\/1-768x472.jpg 768w, https:\/\/algalia.com\/wp-content\/uploads\/2023\/09\/1-1536x944.jpg 1536w, https:\/\/algalia.com\/wp-content\/uploads\/2023\/09\/1-2048x1258.jpg 2048w, https:\/\/algalia.com\/wp-content\/uploads\/2023\/09\/1-610x375.jpg 610w\" sizes=\"(max-width: 451px) 100vw, 451px\" \/>O 25 de setembro \u00e1brese o prazo de inscrici\u00f3n para incorporarse \u00e1 VII Edici\u00f3n de Equipos VIRADA, e \u00e1 VIII Edici\u00f3n de Virada Liderazgo, en 2024.<\/p>\n<p>O programa VIRADA consolidouse como a proposta de formaci\u00f3n de calidade para entidades de econom\u00eda social e do terceiro sector que queiran desenvolver un liderado positivo e mellorar o rendemento das s\u00faas persoas e equipos.<\/p>\n<p>Lembramos as caracter\u00edsticas de cada especialidade VIRADA para co\u00f1ecer polo mi\u00fado cal \u00e9 a m\u00e1is adecuada para ti ou o teu equipo.<\/p>\n<p>A finalidade de <strong>VIRADA LIDERAZGO<\/strong> \u00e9 axudar \u00e1s persoas con responsabilidades directivas ou de coordinaci\u00f3n de equipos, responsabilidades actuais ou futuras, a adquirir habilidades estrat\u00e9xicas, interpersoais e persoais que lles permitan desenvolver un liderado m\u00e1is eficaz.<\/p>\n<p>Na VIII Edici\u00f3n, ALGALIA contar\u00e1, un ano m\u00e1is, como en Virada Equipos, coa colaboraci\u00f3n da <a href=\"http:\/\/www.edefundazioa.org\/\" target=\"_blank\" rel=\"noopener\">Fundaci\u00f3n EDE<\/a>, e a achega de <a href=\"http:\/\/www.caldaria.es\/\" target=\"_blank\" rel=\"noopener\">Caldaria Arnoia<\/a> e da <a href=\"http:\/\/www.cidadedacultura.gal\/\" target=\"_blank\" rel=\"noopener\">Cidade da Cultura de Galicia<\/a> para o desenvolvemento das actividades.<\/p>\n<p>A participaci\u00f3n s\u00f3 est\u00e1 aberta a 25 persoas e o prazo de inscrici\u00f3n remata o 16 de febreiro de 2024.<\/p>\n<p>Consulta toda a informaci\u00f3n detallada <a href=\"https:\/\/algalia.com\/gl\/programa-virada\/virada-liderado\/\" target=\"_blank\" rel=\"noopener\">AQU\u00cd.<\/a><\/p>\n<p>&nbsp;<\/p>\n<p><strong>VIRADA EQUIPOS<\/strong> nace co obxectivo de que os equipos naturais de organizaci\u00f3ns e empresas de econom\u00eda social desenvolvan habilidades de liderado compartido e desenvolvan un rendemento m\u00e1is eficaz.<\/p>\n<p>Est\u00e1n abertos a equipos directivos dunha entidade, equipos t\u00e9cnicos, equipos de proxectos, equipos de centros ou servizos, un consello de administraci\u00f3n dunha asociaci\u00f3n, o padroado dunha fundaci\u00f3n, un consello de goberno dunha cooperativa, un equipo de innovaci\u00f3n dunha organizaci\u00f3n. . , etc\u2026<\/p>\n<p>Lembra inscribir o teu equipo antes do 16 de febreiro de 2024 contactando co responsable do programa, David Pereiro, no correo <a href=\"mailto:david.pereiro@algalia.com\">david.pereiro@algalia.com <\/a>ou no tel\u00e9fono 687 87 94 14.<\/p>\n<p>Podes consultar toda a informaci\u00f3n detallada <a href=\"https:\/\/algalia.com\/gl\/programa-virada\/virada-equipos\/\" target=\"_blank\" rel=\"noopener\">AQU\u00cd.<\/a><\/p>","protected":false},"excerpt":{"rendered":"<p>O 25 de setembro \u00e1brese o prazo de inscrici\u00f3n para incorporarse \u00e1 VII Edici\u00f3n de Equipos VIRADA, e \u00e1 VIII Edici\u00f3n de Virada Liderazgo, en 2024. O programa VIRADA consolidouse como a proposta de formaci\u00f3n de calidade para entidades de econom\u00eda social e do terceiro sector que queiran desenvolver un liderado positivo e mellorar o [&hellip;]<\/p>\n","protected":false},"author":3,"featured_media":14020,"comment_status":"closed","ping_status":"closed","sticky":false,"template":"","format":"standard","meta":[],"categories":[12,48],"tags":[],"_links":{"self":[{"href":"https:\/\/algalia.com\/gl\/wp-json\/wp\/v2\/posts\/14019"}],"collection":[{"href":"https:\/\/algalia.com\/gl\/wp-json\/wp\/v2\/posts"}],"about":[{"href":"https:\/\/algalia.com\/gl\/wp-json\/wp\/v2\/types\/post"}],"author":[{"embeddable":true,"href":"https:\/\/algalia.com\/gl\/wp-json\/wp\/v2\/users\/3"}],"replies":[{"embeddable":true,"href":"https:\/\/algalia.com\/gl\/wp-json\/wp\/v2\/comments?post=14019"}],"version-history":[{"count":5,"href":"https:\/\/algalia.com\/gl\/wp-json\/wp\/v2\/posts\/14019\/revisions"}],"predecessor-version":[{"id":14252,"href":"https:\/\/algalia.com\/gl\/wp-json\/wp\/v2\/posts\/14019\/revisions\/14252"}],"wp:featuredmedia":[{"embeddable":true,"href":"https:\/\/algalia.com\/gl\/wp-json\/wp\/v2\/media\/14020"}],"wp:attachment":[{"href":"https:\/\/algalia.com\/gl\/wp-json\/wp\/v2\/media?parent=14019"}],"wp:term":[{"taxonomy":"category","embeddable":true,"href":"https:\/\/algalia.com\/gl\/wp-json\/wp\/v2\/categories?post=14019"},{"taxonomy":"post_tag","embeddable":true,"href":"https:\/\/algalia.com\/gl\/wp-json\/wp\/v2\/tags?post=14019"}],"curies":[{"name":"wp","href":"https:\/\/api.w.org\/{rel}","templated":true}]}}