{"id":13703,"date":"2023-06-14T10:48:23","date_gmt":"2023-06-14T08:48:23","guid":{"rendered":"https:\/\/algalia.com\/?p=13703"},"modified":"2023-06-21T10:29:06","modified_gmt":"2023-06-21T08:29:06","slug":"a-segunda-convocatoria-do-perte-de-economia-social-traera-1-766-millons-de-euros-en-setembro-para-o-sector","status":"publish","type":"post","link":"https:\/\/algalia.com\/gl\/a-segunda-convocatoria-do-perte-de-economia-social-traera-1-766-millons-de-euros-en-setembro-para-o-sector\/","title":{"rendered":"A segunda convocatoria do PERTE de Econom\u00eda Social traer\u00e1 1.766 mill\u00f3ns de euros en setembro para o sector"},"content":{"rendered":"<p><img decoding=\"async\" loading=\"lazy\" class=\"wp-image-13704 alignright\" src=\"https:\/\/algalia.com\/wp-content\/uploads\/2023\/06\/ES_1-300x184.jpg\" alt=\"\" width=\"451\" height=\"277\" srcset=\"https:\/\/algalia.com\/wp-content\/uploads\/2023\/06\/ES_1-300x184.jpg 300w, https:\/\/algalia.com\/wp-content\/uploads\/2023\/06\/ES_1-1024x629.jpg 1024w, https:\/\/algalia.com\/wp-content\/uploads\/2023\/06\/ES_1-768x472.jpg 768w, https:\/\/algalia.com\/wp-content\/uploads\/2023\/06\/ES_1-610x375.jpg 610w, https:\/\/algalia.com\/wp-content\/uploads\/2023\/06\/ES_1.jpg 1245w\" sizes=\"(max-width: 451px) 100vw, 451px\" \/><\/p>\n<p>O comisionado especial de Espa\u00f1a para a Econom\u00eda Social, V\u00edctor Meseguer, anunciou, na quinta edici\u00f3n da Asemblea da Econom\u00eda Social organizada polo Foro pola Econom\u00eda Social Galega FOROESGAL, a segunda convocatoria do Perte de Econom\u00eda Social, que sair\u00e1 en setembro e contar\u00e1 con 1.766 mill\u00f3ns de euros. Meseguer detallou que a convocatoria est\u00e1 concibida para apoiar con m\u00e1is forza os proxectos liderados por pequenas e medianas empresas, que poder\u00e1n obter ata a metade do financiamento necesario, mentres que as iniciativas das grandes compa\u00f1\u00edas poder\u00e1n alcanzar ata o 15% do investimento necesario.<\/p>\n<p>FOROESGAL reuniu nesta xornada, celebrada en Santiago de Compostela, a case 200 persoas representantes das cinco familias deste sector que a conforman desde 2018: a Asociaci\u00f3n de Empresas de Inserci\u00f3n de Galicia AEIGA, a Agrupaci\u00f3n Empresarial de Sociedades Laborais de Galicia AESGAL, a Asociaci\u00f3n Galega de Cooperativas Agroalimentarias AGACA, a Asociaci\u00f3n Empresarial Galega de Centros Especiais de Emprego sen \u00c1nimo de Lucro CEGASAL e Espazocoop, Uni\u00f3n de Cooperativas Galegas.<\/p>\n<p>O fin deste plenario foi repasar os \u00faltimos pasos dados no sector, e as li\u00f1as estrat\u00e9xicas sobre as que afianzar a folla de roteiro e prop\u00f3sitos marcados para os pr\u00f3ximos meses. Celso G\u00e1ndara, presidente da entidade, fixo menci\u00f3n na s\u00faa intervenci\u00f3n de d\u00faas destes eixos de acci\u00f3n, que viran, por unha banda, ao redor da necesidade de aumentar a visibilidade da econom\u00eda social galega e, por outro, sobre a s\u00faa capacidade para influ\u00edr sobre os axentes sociais e pol\u00edticos con capacidade de decisi\u00f3n.<\/p>\n<p>G\u00e1ndara confirmou que o interese das entidades sectoriais \u00e9 a de \u201cconstru\u00edr un lobby d\u00e1 econom\u00eda social galega\u201d, xa que \u201cse as empresas de Econom\u00eda Social fosen de tipo mercantil, cada ano perder\u00edanse 600 mill\u00f3ns de euros\u201d.<\/p>\n<p>Tanto o presidente do Foro, Celso G\u00e1ndara, como a conselleira de Emprego, Mar\u00eda Jes\u00fas Lorenzana, compromet\u00e9ronse a non deixar pasar o momento que a econom\u00eda social ha estado esperando e para o que as s\u00faas empresas h\u00e1xanse plenamente preparadas, que \u00e9 o seu encontro coa sociedade que lles d\u00e1 sentido. Lorenzana lembrou que as empresas de econom\u00eda social representan o 7% do PIB rexional e que, para seguir mellorando a competitividade e a produtividade deste modelo, avoga por constitu\u00edr a agrupaci\u00f3n industrial de econom\u00eda social, \u201cunha alianza coa que aproveitar sinerxias\u201d.<\/p>\n<p>As\u00ed mesmo, Lorenzana explicou que o Goberno galego enmarca as s\u00faas pol\u00edticas de impulso \u00e1 econom\u00eda social en tres eixos: a visibilizaci\u00f3n, a trav\u00e9s da Rede Eusumo ou do programa \u00c9-Pr\u00f3xima, co que se busca definir un selo de identidade para dar a co\u00f1ecer este modelo; o apoio \u00e1 creaci\u00f3n e \u00e1 consolidaci\u00f3n de empresas e empregos, a trav\u00e9s de programas de axudas como son Aprol Econom\u00eda Social, \u00c9 Transforma, \u00c9 Factory ou o Bono Consolida; e a promoci\u00f3n do emprego inclusivo, con apoios econ\u00f3micos dirixidos \u00e1s empresas de inserci\u00f3n laboral e aos centros especiais de emprego.<\/p>\n<p>Hoxe, FORESGAL representa a 4.788 entidades, cun volume de emprego estimado de 24.904 persoas e m\u00e1is de 74.120 persoas socias, comuneiras ou mutualistas.<\/p>","protected":false},"excerpt":{"rendered":"<p>O comisionado especial de Espa\u00f1a para a Econom\u00eda Social, V\u00edctor Meseguer, anunciou, na quinta edici\u00f3n da Asemblea da Econom\u00eda Social organizada polo Foro pola Econom\u00eda Social Galega FOROESGAL, a segunda convocatoria do Perte de Econom\u00eda Social, que sair\u00e1 en setembro e contar\u00e1 con 1.766 mill\u00f3ns de euros. Meseguer detallou que a convocatoria est\u00e1 concibida para [&hellip;]<\/p>\n","protected":false},"author":3,"featured_media":13704,"comment_status":"closed","ping_status":"closed","sticky":false,"template":"","format":"standard","meta":[],"categories":[48],"tags":[31,49],"_links":{"self":[{"href":"https:\/\/algalia.com\/gl\/wp-json\/wp\/v2\/posts\/13703"}],"collection":[{"href":"https:\/\/algalia.com\/gl\/wp-json\/wp\/v2\/posts"}],"about":[{"href":"https:\/\/algalia.com\/gl\/wp-json\/wp\/v2\/types\/post"}],"author":[{"embeddable":true,"href":"https:\/\/algalia.com\/gl\/wp-json\/wp\/v2\/users\/3"}],"replies":[{"embeddable":true,"href":"https:\/\/algalia.com\/gl\/wp-json\/wp\/v2\/comments?post=13703"}],"version-history":[{"count":5,"href":"https:\/\/algalia.com\/gl\/wp-json\/wp\/v2\/posts\/13703\/revisions"}],"predecessor-version":[{"id":13711,"href":"https:\/\/algalia.com\/gl\/wp-json\/wp\/v2\/posts\/13703\/revisions\/13711"}],"wp:featuredmedia":[{"embeddable":true,"href":"https:\/\/algalia.com\/gl\/wp-json\/wp\/v2\/media\/13704"}],"wp:attachment":[{"href":"https:\/\/algalia.com\/gl\/wp-json\/wp\/v2\/media?parent=13703"}],"wp:term":[{"taxonomy":"category","embeddable":true,"href":"https:\/\/algalia.com\/gl\/wp-json\/wp\/v2\/categories?post=13703"},{"taxonomy":"post_tag","embeddable":true,"href":"https:\/\/algalia.com\/gl\/wp-json\/wp\/v2\/tags?post=13703"}],"curies":[{"name":"wp","href":"https:\/\/api.w.org\/{rel}","templated":true}]}}