{"id":13165,"date":"2023-03-03T10:20:59","date_gmt":"2023-03-03T08:20:59","guid":{"rendered":"https:\/\/algalia.com\/gl\/?p=13165"},"modified":"2023-05-24T15:45:44","modified_gmt":"2023-05-24T13:45:44","slug":"virada-liderado-2023-ponse-en-marcha-coa-participacion-de-doce-entidades-sociais","status":"publish","type":"post","link":"https:\/\/algalia.com\/gl\/virada-liderado-2023-ponse-en-marcha-coa-participacion-de-doce-entidades-sociais\/","title":{"rendered":"Virada Liderado 2023 ponse en marcha coa participaci\u00f3n de doce entidades sociais"},"content":{"rendered":"<p><img decoding=\"async\" loading=\"lazy\" class=\"wp-image-13166 alignright\" src=\"https:\/\/algalia.com\/wp-content\/uploads\/2023\/03\/Liderazgo2023-300x184.jpg\" alt=\"\" width=\"449\" height=\"276\" srcset=\"https:\/\/algalia.com\/wp-content\/uploads\/2023\/03\/Liderazgo2023-300x184.jpg 300w, https:\/\/algalia.com\/wp-content\/uploads\/2023\/03\/Liderazgo2023-1024x629.jpg 1024w, https:\/\/algalia.com\/wp-content\/uploads\/2023\/03\/Liderazgo2023-768x472.jpg 768w, https:\/\/algalia.com\/wp-content\/uploads\/2023\/03\/Liderazgo2023-1536x943.jpg 1536w, https:\/\/algalia.com\/wp-content\/uploads\/2023\/03\/Liderazgo2023-610x375.jpg 610w, https:\/\/algalia.com\/wp-content\/uploads\/2023\/03\/Liderazgo2023.jpg 1946w\" sizes=\"(max-width: 449px) 100vw, 449px\" \/><\/p>\n<p>Este m\u00e9rcoles, 1 de marzo, comezou, na s\u00faa s\u00e9tima edici\u00f3n, o programa <a href=\"https:\/\/algalia.com\/gl\/programa-virada\/virada-liderado\/\" target=\"_blank\" rel=\"noopener\"><em>VIRADA Liderado<\/em><\/a>, coa participaci\u00f3n de doce entidades da econom\u00eda social galega.<\/p>\n<p>En concreto, nas pr\u00f3ximas semanas, catorce persoas vinculadas ao cooperativismo e ao terceiro sector de acci\u00f3n social <em>conf\u00edan na proposta de ALGALIA e EDE FUNDAZIOA, para desenvolver e fomentar o liderado en entidades de econom\u00eda social.<\/em><\/p>\n<p>O prop\u00f3sito de\u00a0<a href=\"https:\/\/algalia.com\/gl\/programa-virada\/virada-liderado\/\" target=\"_blank\" rel=\"noopener\"><em>VIRADA Liderado<\/em><\/a>\u00a0 \u00e9 contribu\u00edr a que persoas con responsabilidades directivas ou de coordinaci\u00f3n de equipos, responsabilidades en exercicio ou futuras, adquiran competencias estrat\u00e9xicas, interpersoais e persoais que as capaciten para o desenvolvemento dun liderado m\u00e1is efectivo.<\/p>\n<p>As actividades principais que estruturan ao programa e que se desenvolver\u00e1n nos pr\u00f3ximos meses son:<\/p>\n<ul>\n<li>Encontros presenciais\u00a0<em>outdoor<\/em>.<\/li>\n<li>Obradoiros de contido sobre liderado.<\/li>\n<li>Coaching persoal.<\/li>\n<li>Proxecto de Impacto Organizacional.<\/li>\n<\/ul>\n<p>A continuaci\u00f3n, present\u00e1mosvos \u00e1s entidades participantes desta edici\u00f3n:<\/p>\n<ul>\n<li><strong><a href=\"https:\/\/www.adaoemam.es\/\" target=\"_blank\" rel=\"noopener\">A Mari\u00f1a<\/a>\u00a0<\/strong><\/li>\n<li><a href=\"https:\/\/abeluria.coop\/inicio.php\" target=\"_blank\" rel=\"noopener\"><strong>Abeluria S.Coop<\/strong><\/a><\/li>\n<li><a href=\"https:\/\/afaga.com\/es\/\" target=\"_blank\" rel=\"noopener\"><strong>AFAGA<\/strong><\/a><\/li>\n<li><a href=\"https:\/\/www.alento.org\/\" target=\"_blank\" rel=\"noopener\"><strong>ALENTO<\/strong><\/a><\/li>\n<li><a href=\"http:\/\/algalia.com\" target=\"_blank\" rel=\"noopener\"><strong>Algalia<\/strong><\/a><\/li>\n<li><a href=\"https:\/\/www.aspanane.org\/#inicio\" target=\"_blank\" rel=\"noopener\"><strong>ASPANANE<\/strong><\/a><\/li>\n<li><a href=\"https:\/\/autismobata.com\/\" target=\"_blank\" rel=\"noopener\"><strong>Autismo BATA<\/strong><\/a><\/li>\n<li><a href=\"https:\/\/xn--avelaia-9za.es\/\" target=\"_blank\" rel=\"noopener\"><strong>Avelai\u00f1a<\/strong><\/a><\/li>\n<li><a href=\"https:\/\/bicodexeado.es\/\" target=\"_blank\" rel=\"noopener\"><strong>Cooperativa Agraria Provincial de A Coru\u00f1a<\/strong><\/a><\/li>\n<li><strong><a href=\"https:\/\/daveiga.es\/web\/es\/\" target=\"_blank\" rel=\"noopener\">DAVEIGA<\/a>\u00a0<\/strong><\/li>\n<li><a href=\"https:\/\/www.evdgalicia.com\/\" target=\"_blank\" rel=\"noopener\"><strong>EVD GALICIA<\/strong><\/a><\/li>\n<li><a href=\"http:\/\/www.cooperativaxallas.com\/\" target=\"_blank\" rel=\"noopener\"><strong>XALLAS S,COOP<\/strong><\/a><\/li>\n<\/ul>\n<p>&nbsp;<\/p>\n<p>Hoxe mesmo ponse en marcha tam\u00e9n <a href=\"https:\/\/algalia.com\/gl\/programa-virada\/virada-equipos\/\" target=\"_blank\" rel=\"noopener\">VIRADA Equipos 2023<\/a>, atentos ao noso Blog!<\/p>","protected":false},"excerpt":{"rendered":"<p>Este m\u00e9rcoles, 1 de marzo, comezou, na s\u00faa s\u00e9tima edici\u00f3n, o programa VIRADA Liderado, coa participaci\u00f3n de doce entidades da econom\u00eda social galega. En concreto, nas pr\u00f3ximas semanas, catorce persoas vinculadas ao cooperativismo e ao terceiro sector de acci\u00f3n social conf\u00edan na proposta de ALGALIA e EDE FUNDAZIOA, para desenvolver e fomentar o liderado en [&hellip;]<\/p>\n","protected":false},"author":3,"featured_media":13166,"comment_status":"closed","ping_status":"closed","sticky":false,"template":"","format":"standard","meta":[],"categories":[12],"tags":[26,39],"_links":{"self":[{"href":"https:\/\/algalia.com\/gl\/wp-json\/wp\/v2\/posts\/13165"}],"collection":[{"href":"https:\/\/algalia.com\/gl\/wp-json\/wp\/v2\/posts"}],"about":[{"href":"https:\/\/algalia.com\/gl\/wp-json\/wp\/v2\/types\/post"}],"author":[{"embeddable":true,"href":"https:\/\/algalia.com\/gl\/wp-json\/wp\/v2\/users\/3"}],"replies":[{"embeddable":true,"href":"https:\/\/algalia.com\/gl\/wp-json\/wp\/v2\/comments?post=13165"}],"version-history":[{"count":5,"href":"https:\/\/algalia.com\/gl\/wp-json\/wp\/v2\/posts\/13165\/revisions"}],"predecessor-version":[{"id":13189,"href":"https:\/\/algalia.com\/gl\/wp-json\/wp\/v2\/posts\/13165\/revisions\/13189"}],"wp:featuredmedia":[{"embeddable":true,"href":"https:\/\/algalia.com\/gl\/wp-json\/wp\/v2\/media\/13166"}],"wp:attachment":[{"href":"https:\/\/algalia.com\/gl\/wp-json\/wp\/v2\/media?parent=13165"}],"wp:term":[{"taxonomy":"category","embeddable":true,"href":"https:\/\/algalia.com\/gl\/wp-json\/wp\/v2\/categories?post=13165"},{"taxonomy":"post_tag","embeddable":true,"href":"https:\/\/algalia.com\/gl\/wp-json\/wp\/v2\/tags?post=13165"}],"curies":[{"name":"wp","href":"https:\/\/api.w.org\/{rel}","templated":true}]}}