{"id":12748,"date":"2023-01-20T12:49:47","date_gmt":"2023-01-20T10:49:47","guid":{"rendered":"https:\/\/algalia.com\/gl\/?p=12748"},"modified":"2023-02-14T10:19:43","modified_gmt":"2023-02-14T08:19:43","slug":"la-verguenza-una-emocion-con-presencia-e-impacto-en-las-organizaciones","status":"publish","type":"post","link":"https:\/\/algalia.com\/gl\/la-verguenza-una-emocion-con-presencia-e-impacto-en-las-organizaciones\/","title":{"rendered":"A vergo\u00f1a: unha emoci\u00f3n con presenza e impacto nas organizaci\u00f3ns"},"content":{"rendered":"<p><img decoding=\"async\" loading=\"lazy\" class=\"wp-image-12703 alignright\" src=\"https:\/\/algalia.com\/wp-content\/uploads\/2023\/01\/230117-POST-Verguenza-IMAXE-01-300x184.jpg\" alt=\"\" width=\"449\" height=\"276\" srcset=\"https:\/\/algalia.com\/wp-content\/uploads\/2023\/01\/230117-POST-Verguenza-IMAXE-01-300x184.jpg 300w, https:\/\/algalia.com\/wp-content\/uploads\/2023\/01\/230117-POST-Verguenza-IMAXE-01-610x375.jpg 610w, https:\/\/algalia.com\/wp-content\/uploads\/2023\/01\/230117-POST-Verguenza-IMAXE-01.jpg 700w\" sizes=\"(max-width: 449px) 100vw, 449px\" \/>Desde a proposta do programa VIRADA entendemos as emoci\u00f3ns como un dos tres eixos centrais do mesmo, xunto coa linguaxe e o corpo, cos que est\u00e1n interrelacionadas.<\/p>\n<p>Emoci\u00f3n prov\u00e9n do lat\u00edn <em>emovere<\/em>, que est\u00e1 formado por <em>ex<\/em> \u2018cara a f\u00f3ra\u201d e <em>movere<\/em>, \u201cremover, sacar dun lugar, retirar\u201d, pero tam\u00e9n \u201csacudir\u201d. Nesta ocasi\u00f3n, queremos contribu\u00edr a \u201csacudir\u201d, sacar \u00e1 luz e visibilizar unha emoci\u00f3n dif\u00edcil que pode chegar a atrapar \u00e1s persoas e \u00e1s organizaci\u00f3ns que a experimentan: a vergo\u00f1a.<\/p>\n<p>Falamos de que \u00e9 unha emoci\u00f3n dif\u00edcil porque <strong>non nos permite ser<\/strong>. A persoa que sentiu vergo\u00f1a nalg\u00fan momento da s\u00faa vida, xeralmente na infancia ou adolescencia, en pequenas ou grandes situaci\u00f3ns, puido levarlle a crer, ter a percepci\u00f3n subxectiva (xu\u00edzos negativos interiorizados), de que se equivocou, que fallou. Entende que non \u00e9 \u201ccorrecta\u201d e foxe de ser tachada de imperfecta, chegando a experimentar comportamentos de par\u00e1lises e fuxida. Por iso, a vergo\u00f1a \u00e9 unha emoci\u00f3n que tende a ser ocultada.<\/p>\n<p>Tr\u00e1tase dunha emoci\u00f3n moi <strong>contaxiosa<\/strong>, en especial de forma non verbal. As s\u00faas expresi\u00f3ns son o rubor, baixar ou ocultar a mirada, a ocultaci\u00f3n do rostro, timidez, algunha forma de contracci\u00f3n f\u00edsica, acompa\u00f1ada de torpeza e confusi\u00f3n.<\/p>\n<p>E \u00e9 unha <strong>emoci\u00f3n social<\/strong>, isto \u00e9, para experimentala require a presenza doutras persoas. \u00c9 pois, unha emoci\u00f3n con impacto social e relacional, como veremos m\u00e1is adiante.<\/p>\n<p>A vergo\u00f1a ten tam\u00e9n <strong>aspectos positivos<\/strong>. Os sentimentos que provoca te\u00f1en unha importante funci\u00f3n autorreguladora, protexe contra condutas inconvenientes.<br \/>\n&nbsp;<\/p>\n<h4>A vergo\u00f1a nas organizaci\u00f3ns<\/h4>\n<p>Ademais de ser vivida con maior ou menor intensidade polas persoas que integran as organizaci\u00f3ns, \u00e9 unha emoci\u00f3n dif\u00edcil e oculta nas organizaci\u00f3ns, a\u00ednda que veremos que con moita presenza nas mesmas.<\/p>\n<p>\u00c9 relevante co\u00f1ecer, reco\u00f1ecer e desvelar situaci\u00f3ns vergonzantes nos equipos de traballo, a clientela, colaboradores, etc. Ditas situaci\u00f3ns xeran impacto porque esta emoci\u00f3n e as s\u00faas reacci\u00f3ns infl\u00faen nas relaci\u00f3ns interpersoais e na cooperaci\u00f3n mutua, as\u00ed como na execuci\u00f3n das tarefas encomendadas \u00e1s persoas e os equipos de traballo, influ\u00edndo, ademais, na creatividade e a innovaci\u00f3n persoal e grupal.<\/p>\n<p>Estes son alg\u00fans exemplos:<\/p>\n<ul>\n<li>Ocultar informaci\u00f3n<\/li>\n<li>Ridiculizar<\/li>\n<li>Invisibilizar a algu\u00e9n como modo de exclusi\u00f3n<\/li>\n<li>Dobre castigo<\/li>\n<li>Culpar e avergo\u00f1ar<\/li>\n<\/ul>\n<p>Reco\u00f1eces estas t\u00e9cnicas de vergo\u00f1a na t\u00faa organizaci\u00f3n? Que outras identificas? Que consecuencias te\u00f1en para as persoas na t\u00faa organizaci\u00f3n? Como te posicionas ante ellas? Como pode promover a t\u00faa organizaci\u00f3n unha cultura de colaboraci\u00f3n, empat\u00eda, apoio mutuo e orgullo?<\/p>\n<p><a href=\"https:\/\/algalia.com\/gl\/a-vergona-unha-emocion-con-presenza-e-impacto\/\" target=\"_blank\" rel=\"noopener\"><strong>Le o artigo completo aqu\u00ed<\/strong><\/a> para co\u00f1ecer en que consisten estas situaci\u00f3ns e as t\u00e9cnicas que che permitir\u00e1n atallar ou neutralizar dentro da t\u00faa organizaci\u00f3n.<\/p>\n<p>Se queres afondar nesta e noutras emoci\u00f3ns para a transformaci\u00f3n emocional e benestar das persoas na t\u00faa organizaci\u00f3n, o programa VIRADA proporciona espazos te\u00f3ricos (obradoiros formativos, proxecto de impacto organizacional) e vivenciais (encontros outdoor e sesi\u00f3ns de coaching) para iso.<\/p>\n<p>Lembra que este programa artic\u00falase en d\u00faas iniciativas principais:<\/p>\n<ul>\n<li>O desenvolvemento do liderado de persoas, <a href=\"https:\/\/algalia.com\/gl\/programa-virada\/virada-liderado\/\" target=\"_blank\" rel=\"noopener\"><strong>VIRADA Liderazgo<\/strong><\/a><strong>.<\/strong><\/li>\n<li>O desenvolvemento da efectividade de equipos de traballo, <a href=\"https:\/\/algalia.com\/gl\/programa-virada\/virada-equipos\/\" target=\"_blank\" rel=\"noopener\"><strong>VIRADA Equipos<\/strong><\/a><strong>.<\/strong><\/li>\n<\/ul>\n<p>Consulta las caracter\u00edsticas de cada uno e inscr\u00edbete\u00a0<strong>antes del 17 de febrero de 2023.<\/strong><\/p>\n<p>&nbsp;<\/p>\n<p><em>Bego\u00f1a Su\u00e1rez, coach de VIRADA e Xerente de <a href=\"https:\/\/asociacionamipa.gal\/\">AMIPA.<\/a><\/em><\/p>","protected":false},"excerpt":{"rendered":"<p>Desde a proposta do programa VIRADA entendemos as emoci\u00f3ns como un dos tres eixos centrais do mesmo, xunto coa linguaxe e o corpo, cos que est\u00e1n interrelacionadas. Emoci\u00f3n prov\u00e9n do lat\u00edn emovere, que est\u00e1 formado por ex \u2018cara a f\u00f3ra\u201d e movere, \u201cremover, sacar dun lugar, retirar\u201d, pero tam\u00e9n \u201csacudir\u201d. Nesta ocasi\u00f3n, queremos contribu\u00edr a [&hellip;]<\/p>\n","protected":false},"author":3,"featured_media":12703,"comment_status":"closed","ping_status":"closed","sticky":false,"template":"","format":"standard","meta":[],"categories":[12],"tags":[31,27,26,39],"_links":{"self":[{"href":"https:\/\/algalia.com\/gl\/wp-json\/wp\/v2\/posts\/12748"}],"collection":[{"href":"https:\/\/algalia.com\/gl\/wp-json\/wp\/v2\/posts"}],"about":[{"href":"https:\/\/algalia.com\/gl\/wp-json\/wp\/v2\/types\/post"}],"author":[{"embeddable":true,"href":"https:\/\/algalia.com\/gl\/wp-json\/wp\/v2\/users\/3"}],"replies":[{"embeddable":true,"href":"https:\/\/algalia.com\/gl\/wp-json\/wp\/v2\/comments?post=12748"}],"version-history":[{"count":19,"href":"https:\/\/algalia.com\/gl\/wp-json\/wp\/v2\/posts\/12748\/revisions"}],"predecessor-version":[{"id":13053,"href":"https:\/\/algalia.com\/gl\/wp-json\/wp\/v2\/posts\/12748\/revisions\/13053"}],"wp:featuredmedia":[{"embeddable":true,"href":"https:\/\/algalia.com\/gl\/wp-json\/wp\/v2\/media\/12703"}],"wp:attachment":[{"href":"https:\/\/algalia.com\/gl\/wp-json\/wp\/v2\/media?parent=12748"}],"wp:term":[{"taxonomy":"category","embeddable":true,"href":"https:\/\/algalia.com\/gl\/wp-json\/wp\/v2\/categories?post=12748"},{"taxonomy":"post_tag","embeddable":true,"href":"https:\/\/algalia.com\/gl\/wp-json\/wp\/v2\/tags?post=12748"}],"curies":[{"name":"wp","href":"https:\/\/api.w.org\/{rel}","templated":true}]}}