{"id":11840,"date":"2022-06-22T09:48:19","date_gmt":"2022-06-22T07:48:19","guid":{"rendered":"https:\/\/algalia.com\/gl\/?p=11840"},"modified":"2022-07-04T13:48:47","modified_gmt":"2022-07-04T11:48:47","slug":"apem-aposta-pola-presentacion-pedagoxica-das-suas-contas-anuais-para-facilitar-a-sua-transparencia","status":"publish","type":"post","link":"https:\/\/algalia.com\/gl\/apem-aposta-pola-presentacion-pedagoxica-das-suas-contas-anuais-para-facilitar-a-sua-transparencia\/","title":{"rendered":"Apem aposta pola presentaci\u00f3n pedag\u00f3xica das s\u00faas contas anuais para facilitar a s\u00faa transparencia"},"content":{"rendered":"<p><a href=\"https:\/\/algalia.com\/wp-content\/uploads\/2022\/06\/APEM.jpg\"><img decoding=\"async\" loading=\"lazy\" class=\"wp-image-11859 size-medium alignright\" src=\"https:\/\/algalia.com\/wp-content\/uploads\/2022\/06\/APEM-300x184.jpg\" alt=\"\" width=\"300\" height=\"184\" srcset=\"https:\/\/algalia.com\/wp-content\/uploads\/2022\/06\/APEM-300x184.jpg 300w, https:\/\/algalia.com\/wp-content\/uploads\/2022\/06\/APEM-610x375.jpg 610w, https:\/\/algalia.com\/wp-content\/uploads\/2022\/06\/APEM.jpg 700w\" sizes=\"(max-width: 300px) 100vw, 300px\" \/><\/a><\/p>\n<p>O pasado 21 de xu\u00f1o, o asesor econ\u00f3mico en Algalia para a Asociaci\u00f3n Pro Enfermos Mentais da Coru\u00f1a (APEM) asistiu \u00e1 s\u00faa Asemblea Xeral para presentar as contas anuais da entidade. Na devandita sesi\u00f3n, detall\u00e1ronse ingresos e gastos, activos e pasivos, dunha forma moi clara e comprensible para os presentes, que deu como resultado a s\u00faa aprobaci\u00f3n e dep\u00f3sito.<\/p>\n<p>As asociaci\u00f3ns declaradas de utilidade p\u00fablica gozan dunha serie de beneficios directos inherentes a esa declaraci\u00f3n, como aforros en impostos, as\u00ed como de indirectos para os seus doantes, como a deduci\u00f3n no imposto sobre a renda e sobre sociedades). A cambio, as administraci\u00f3ns es\u00edxenlles un plus de transparencia.<\/p>\n<p>Cabe destacar, nesa xustificaci\u00f3n, o dep\u00f3sito das contas anuais de cada exercicio fiscal no Rexistro de Asociaci\u00f3ns con data l\u00edmite do 30 de xu\u00f1o do ano seguinte, unha vez aprobadas pola s\u00faa Asemblea Xeral.<\/p>\n<p>A Asociaci\u00f3n Apem, creada en 1980, \u00e9 unha asociaci\u00f3n cidad\u00e1, sen \u00e1nimo de lucro, que integra a persoas con enfermidade mental, familiares e profesionais da sa\u00fade mental que ten como principal obxectivo mellorar a calidade de vida das persoas con enfermidade mental.<\/p>","protected":false},"excerpt":{"rendered":"<p>O pasado 21 de xu\u00f1o, o asesor econ\u00f3mico en Algalia para a Asociaci\u00f3n Pro Enfermos Mentais da Coru\u00f1a (APEM) asistiu \u00e1 s\u00faa Asemblea Xeral para presentar as contas anuais da entidade. Na devandita sesi\u00f3n, detall\u00e1ronse ingresos e gastos, activos e pasivos, dunha forma moi clara e comprensible para os presentes, que deu como resultado a [&hellip;]<\/p>\n","protected":false},"author":3,"featured_media":11859,"comment_status":"closed","ping_status":"closed","sticky":false,"template":"","format":"standard","meta":[],"categories":[11],"tags":[18,19],"_links":{"self":[{"href":"https:\/\/algalia.com\/gl\/wp-json\/wp\/v2\/posts\/11840"}],"collection":[{"href":"https:\/\/algalia.com\/gl\/wp-json\/wp\/v2\/posts"}],"about":[{"href":"https:\/\/algalia.com\/gl\/wp-json\/wp\/v2\/types\/post"}],"author":[{"embeddable":true,"href":"https:\/\/algalia.com\/gl\/wp-json\/wp\/v2\/users\/3"}],"replies":[{"embeddable":true,"href":"https:\/\/algalia.com\/gl\/wp-json\/wp\/v2\/comments?post=11840"}],"version-history":[{"count":3,"href":"https:\/\/algalia.com\/gl\/wp-json\/wp\/v2\/posts\/11840\/revisions"}],"predecessor-version":[{"id":11861,"href":"https:\/\/algalia.com\/gl\/wp-json\/wp\/v2\/posts\/11840\/revisions\/11861"}],"wp:featuredmedia":[{"embeddable":true,"href":"https:\/\/algalia.com\/gl\/wp-json\/wp\/v2\/media\/11859"}],"wp:attachment":[{"href":"https:\/\/algalia.com\/gl\/wp-json\/wp\/v2\/media?parent=11840"}],"wp:term":[{"taxonomy":"category","embeddable":true,"href":"https:\/\/algalia.com\/gl\/wp-json\/wp\/v2\/categories?post=11840"},{"taxonomy":"post_tag","embeddable":true,"href":"https:\/\/algalia.com\/gl\/wp-json\/wp\/v2\/tags?post=11840"}],"curies":[{"name":"wp","href":"https:\/\/api.w.org\/{rel}","templated":true}]}}