{"id":11821,"date":"2022-06-23T08:37:02","date_gmt":"2022-06-23T06:37:02","guid":{"rendered":"https:\/\/algalia.com\/gl\/?p=11821"},"modified":"2022-07-05T08:22:42","modified_gmt":"2022-07-05T06:22:42","slug":"chega-ao-porto-a-sexta-expedicion-de-virada-liderado","status":"publish","type":"post","link":"https:\/\/algalia.com\/gl\/chega-ao-porto-a-sexta-expedicion-de-virada-liderado\/","title":{"rendered":"Chega a porto a sexta expedici\u00f3n de VIRADA Liderado"},"content":{"rendered":"<p><img decoding=\"async\" loading=\"lazy\" class=\"alignright wp-image-11822\" src=\"https:\/\/algalia.com\/wp-content\/uploads\/2022\/06\/220628-Liderazgo-FOTO-300x142.jpg\" alt=\"\" width=\"449\" height=\"212\" srcset=\"https:\/\/algalia.com\/wp-content\/uploads\/2022\/06\/220628-Liderazgo-FOTO-300x142.jpg 300w, https:\/\/algalia.com\/wp-content\/uploads\/2022\/06\/220628-Liderazgo-FOTO-768x362.jpg 768w, https:\/\/algalia.com\/wp-content\/uploads\/2022\/06\/220628-Liderazgo-FOTO-1024x483.jpg 1024w, https:\/\/algalia.com\/wp-content\/uploads\/2022\/06\/220628-Liderazgo-FOTO-610x288.jpg 610w, https:\/\/algalia.com\/wp-content\/uploads\/2022\/06\/220628-Liderazgo-FOTO.jpg 2000w\" sizes=\"(max-width: 449px) 100vw, 449px\" \/><\/p>\n<p><a href=\"https:\/\/algalia.com\/es\/programa-virada\/\" target=\"_blank\" rel=\"noopener\">VIRADA<\/a> \u00e9 unha proposta de desenvolvemento que pon o foco no factor m\u00e1is determinante e valioso das organizaci\u00f3ns: as persoas.<\/p>\n<p>Neste momento, este programa artic\u00falase en d\u00faas propostas principais:<\/p>\n<ul>\n<li>O desenvolvemento do liderado directivo de persoas, VIRADA Liderado.<\/li>\n<li>O desenvolvemento da efectividade de equipos de traballo, VIRADA Equipos.<\/li>\n<\/ul>\n<p>En marzo comezou a traves\u00eda de <strong>VIRADA Liderado<\/strong>: 23 persoas de 14 entidades distintas vinculadas \u00e1 econom\u00eda social e ao terceiro sector de acci\u00f3n social lanz\u00e1ronse a navegar co acompa\u00f1amento das coachs de ALGALIA y <a href=\"https:\/\/edefundazioa.org\/\" target=\"_blank\" rel=\"noopener\">EDE FUNDAZIOA<\/a>.<\/p>\n<p>Nestes tres meses compartimos encontros presenciais en <a href=\"https:\/\/www.caldaria.es\/arnoia\/\" target=\"_blank\" rel=\"noopener\">Caldaria Arnoia<\/a>, xornadas de formaci\u00f3n na <a href=\"https:\/\/www.cidadedacultura.gal\/es\" target=\"_blank\" rel=\"noopener\">Cidade de Cultura de Galicia<\/a>, sesi\u00f3ns de coaching e o desenvolvemento dun Proxecto de Impacto Organizacional.<\/p>\n<p>O grupo de VIRADA Liderado 2022 (VI Edici\u00f3n) chegado a porto form\u00e1rono:<\/p>\n<ul>\n<li><a href=\"https:\/\/www.adaoemam.es\/inicio.html\" target=\"_blank\" rel=\"noopener\">A Mari\u00f1a<\/a>, Asociaci\u00f3n de Sa\u00fade Mental.<\/li>\n<li><a href=\"https:\/\/aceesca.com\/\" target=\"_blank\" rel=\"noopener\">ACEESCA<\/a>, m\u00e1is de 35 anos facilitando apoios a persoas con diversidade intelectual.<\/li>\n<li><a href=\"https:\/\/www.aeiga.org\/es\/\" target=\"_blank\" rel=\"noopener\">AEIGA<\/a>, Asociaci\u00f3n de Empresas de Inserci\u00f3n de Galicia. Asociaci\u00f3n sen \u00e1nimo de lucro que re\u00fane empresas de inserci\u00f3n laboral da comunidade galega.<\/li>\n<li><a href=\"https:\/\/afaga.com\/es\/\" target=\"_blank\" rel=\"noopener\">AFAGA Alzheimer<\/a>, Asociaci\u00f3n de familiares de enfermos de Alzheimer e outras demencias de Galicia.<\/li>\n<li><a href=\"https:\/\/www.aira.es\/\" target=\"_blank\" rel=\"noopener\">AIRA<\/a>. Sociedade Cooperativa Agroalimentaria.<\/li>\n<li><a href=\"https:\/\/asociacionamipa.gal\/\" target=\"_blank\" rel=\"noopener\">AMIPA<\/a>. Somos un grupo de persoas con discapacidade intelectual, familiares, profesionais e persoas voluntarias, nunha contorna rural.<\/li>\n<li><a href=\"https:\/\/www.arroupa.es\/arroupa\/\" target=\"_blank\" rel=\"noopener\">Arroupa<\/a>, empresa de inserci\u00f3n laboral en materia de reutilizaci\u00f3n de textil. Iniciativa de C\u00e1ritas Diocesana de Santiago de Compostela.<\/li>\n<li><a href=\"https:\/\/autismobata.com\/\" target=\"_blank\" rel=\"noopener\">Autismo Bata<\/a>. Melloramos a vida das persoas con TEA e as s\u00faas familias.<\/li>\n<li><a href=\"https:\/\/xn--avelaia-9za.es\/\" target=\"_blank\" rel=\"noopener\">Avela\u00ed\u00f1a<\/a>, sa\u00fade mental.<\/li>\n<li><a href=\"https:\/\/www.cogami.gal\/es_ES\/\" target=\"_blank\" rel=\"noopener\">COGAMI<\/a>, Confederaci\u00f3n Galega de Persoas con Discapacidade.<\/li>\n<li><a href=\"https:\/\/www.cormointegral.es\/\" target=\"_blank\" rel=\"noopener\">Cormo Integral<\/a>, empresa de inserci\u00f3n laboral especializada en traballos de xardiner\u00eda, medio ambiente e traballos forestais. Iniciativa de \u00c9rguete.<\/li>\n<li><a href=\"https:\/\/www.evdgalicia.com\/\" target=\"_blank\" rel=\"noopener\">EVD Galicia<\/a>, muller e discapacidade intelectual.<\/li>\n<li><a href=\"https:\/\/www.maier.es\/\" target=\"_blank\" rel=\"noopener\">Maier Ferroplast Coop<\/a>. A maior cooperativa industrial de Galicia, pertencente ao Grupo Maier.<\/li>\n<li><a href=\"https:\/\/www.sanxerome.com\/\" target=\"_blank\" rel=\"noopener\">SanXerome Emiliani<\/a><a href=\"https:\/\/www.sanxerome.com\/\" target=\"_blank\" rel=\"noopener\">.<\/a> Diversidade intelectual sen l\u00edmites.<\/li>\n<li><a href=\"https:\/\/scinsercion.com\/\" target=\"_blank\" rel=\"noopener\">Servicios comerciales de inserci\u00f3n laboral<\/a>, empresa de inserci\u00f3n laboral en materia de reutilizaci\u00f3n de t\u00e9xtil. Iniciativa de C\u00e1ritas Tui-Vigo.<\/li>\n<\/ul>\n<p>Foi un privilexio. Foi unha aprendizaxe. Foi un pracer.<\/p>\n<p>A seguir virando!<\/p>","protected":false},"excerpt":{"rendered":"<p>VIRADA \u00e9 unha proposta de desenvolvemento que pon o foco no factor m\u00e1is determinante e valioso das organizaci\u00f3ns: as persoas. Neste momento, este programa artic\u00falase en d\u00faas propostas principais: O desenvolvemento do liderado directivo de persoas, VIRADA Liderado. O desenvolvemento da efectividade de equipos de traballo, VIRADA Equipos. En marzo comezou a traves\u00eda de VIRADA [&hellip;]<\/p>\n","protected":false},"author":3,"featured_media":11862,"comment_status":"closed","ping_status":"closed","sticky":false,"template":"","format":"standard","meta":[],"categories":[12],"tags":[26,39],"_links":{"self":[{"href":"https:\/\/algalia.com\/gl\/wp-json\/wp\/v2\/posts\/11821"}],"collection":[{"href":"https:\/\/algalia.com\/gl\/wp-json\/wp\/v2\/posts"}],"about":[{"href":"https:\/\/algalia.com\/gl\/wp-json\/wp\/v2\/types\/post"}],"author":[{"embeddable":true,"href":"https:\/\/algalia.com\/gl\/wp-json\/wp\/v2\/users\/3"}],"replies":[{"embeddable":true,"href":"https:\/\/algalia.com\/gl\/wp-json\/wp\/v2\/comments?post=11821"}],"version-history":[{"count":13,"href":"https:\/\/algalia.com\/gl\/wp-json\/wp\/v2\/posts\/11821\/revisions"}],"predecessor-version":[{"id":11865,"href":"https:\/\/algalia.com\/gl\/wp-json\/wp\/v2\/posts\/11821\/revisions\/11865"}],"wp:featuredmedia":[{"embeddable":true,"href":"https:\/\/algalia.com\/gl\/wp-json\/wp\/v2\/media\/11862"}],"wp:attachment":[{"href":"https:\/\/algalia.com\/gl\/wp-json\/wp\/v2\/media?parent=11821"}],"wp:term":[{"taxonomy":"category","embeddable":true,"href":"https:\/\/algalia.com\/gl\/wp-json\/wp\/v2\/categories?post=11821"},{"taxonomy":"post_tag","embeddable":true,"href":"https:\/\/algalia.com\/gl\/wp-json\/wp\/v2\/tags?post=11821"}],"curies":[{"name":"wp","href":"https:\/\/api.w.org\/{rel}","templated":true}]}}