{"id":11773,"date":"2022-06-09T09:39:35","date_gmt":"2022-06-09T07:39:35","guid":{"rendered":"https:\/\/algalia.com\/gl\/?p=11773"},"modified":"2022-06-21T09:54:01","modified_gmt":"2022-06-21T07:54:01","slug":"yolanda-diaz-presenta-o-manifiesto-da-economia-social-un-modelo-que-prima-as-persoas-e-a-fin-social-sobre-o-capital","status":"publish","type":"post","link":"https:\/\/algalia.com\/gl\/yolanda-diaz-presenta-o-manifiesto-da-economia-social-un-modelo-que-prima-as-persoas-e-a-fin-social-sobre-o-capital\/","title":{"rendered":"Yolanda D\u00edaz presenta o Manifiesto da Econom\u00eda Social, un modelo que prima as persoas e a fin social sobre o capital"},"content":{"rendered":"<p><a href=\"https:\/\/algalia.com\/wp-content\/uploads\/2022\/06\/manifiestoES-1.jpg\"><img decoding=\"async\" loading=\"lazy\" class=\"size-medium wp-image-11779 alignleft\" src=\"https:\/\/algalia.com\/wp-content\/uploads\/2022\/06\/manifiestoES-1-300x200.jpg\" alt=\"\" width=\"300\" height=\"200\" srcset=\"https:\/\/algalia.com\/wp-content\/uploads\/2022\/06\/manifiestoES-1-300x200.jpg 300w, https:\/\/algalia.com\/wp-content\/uploads\/2022\/06\/manifiestoES-1-768x512.jpg 768w, https:\/\/algalia.com\/wp-content\/uploads\/2022\/06\/manifiestoES-1-1024x682.jpg 1024w, https:\/\/algalia.com\/wp-content\/uploads\/2022\/06\/manifiestoES-1-610x407.jpg 610w, https:\/\/algalia.com\/wp-content\/uploads\/2022\/06\/manifiestoES-1.jpg 1454w\" sizes=\"(max-width: 300px) 100vw, 300px\" \/><\/a>Yolanda D\u00edaz, vicepresidenta segunda e ministra de Traballo e Econom\u00eda Social, presentou esta semana o Manifiesto da Econom\u00eda Social (<strong><a href=\"https:\/\/expinterweb.mites.gob.es\/libreriavirtual\/descargaGratuita\/WMANIF01\">descargar<\/a><\/strong>), un texto que compila as ideas de m\u00e1ximos representantes deste modelo econ\u00f3mico, que prima as personas e a fin social da entidade por encima do capital. F\u00edxoo en Santiago de Compostela, capital da Econom\u00eda Social en 2022, nun acto inaugurado por Xos\u00e9 Antonio S\u00e1nchez Bugallo, alcalde da cidade, e de\u00a0M\u00aa Jes\u00fas Lorenzana, conselleira de Emprego e Igualdade da Xunta de Galicia.<\/p>\n<p>Este manifesto\u00a0conmemora o 10\u00ba aniversario da aprobaci\u00f3n da Lei 5\/2011, de 29 de marzo, de Econom\u00eda Social,\u00a0unha lei pioneira en Europa e no mundo, e que serviu de exemplo para outros pa\u00edses europeos que aprobaron <em>a posteriori<\/em> as s\u00faas propias leis para desenvolver estratexias rexionais.<\/p>\n<p>D\u00edaz suli\u00f1ou que Espa\u00f1a est\u00e1 \u00e1 vangarda da econom\u00eda social a nivel internacional\u00a0e lembrou a\u00a0riqueza normativa\u00a0que pos\u00fae o noso pa\u00eds para regular ese modelo empresarial, coa Lei de Econom\u00eda Social, a Lei de Empresas de Inserci\u00f3n e a Lei de Cooperativas, que o Executivo xa prev\u00e9 modificar e modernizar.<\/p>\n<p>Pola s\u00faa parte, S\u00e1nchez Bugallo salientou o moi &#8220;relevante peso da econom\u00eda social en Santiago, que conta con 96 cooperativas e 69 sociedades de inserci\u00f3n laboral, o que sup\u00f3n un 7% e 15% respectivamente do total de Galicia&#8221; e amosouse confiado de que a capitalidade que ostenta a cidade este ano &#8220;servir\u00e1 para afrontar a sa\u00edda \u00e1 crise provocada pola pandemia&#8221;.<\/p>\n<p>O alcalde aproveitou para anunciar unha &#8220;li\u00f1a de axudas directas espec\u00edficas para os sectores da econom\u00eda social e circular&#8221;, \u00e1reas que ser\u00e1n claves para o futuro da cidade e que se plasmar\u00e1 na Axenda Urbana 2020-30.<\/p>\n<p><strong>Retos, obxectivos e estratexias da Econom\u00eda Social<\/strong><\/p>\n<p>Ao trav\u00e9s dun di\u00e1logo aberto, moderado pola delegada de Expansi\u00f3n en Galicia, Abeta Chas, representantes institucionais do sector incidiron nos grandes retos, obxectivos e estratexias a seguir por parte da Econom\u00eda Social en Galicia.<\/p>\n<p>Celso\u00a0G\u00e1ndara, presidente de Foroesgal, fixo fincap\u00e9 nos tres retos deste modelo empresarial:\u00a0crecemento, innovaci\u00f3n social e o fomento do emprendemento.\u00a0As\u00ed, insistiu na necesidade de facer medrar o peso da econom\u00eda social no PIB, tanto rexional (7%) como estatal (11%), para o que afirmou, axudar\u00e1n tanto o PERTE aprobado polo Gobierno como a estratexia galega de econom\u00eda social.<\/p>\n<p>Tambi\u00e9n salientou a\u00a0intersectorialidad\u00a0deste modelo empresarial como \u201cunha das claves para facer medrar a econom\u00eda social\u201d, y e lembrou a variedade de sectores que engloba o modelo: agricultura, gander\u00eda, cultura, medioambiente, comunidades enerx\u00e9ticas, etc. Por \u00faltimo, avogou por unha xesti\u00f3n efectiva para facelo realidade e a colaboraci\u00f3n p\u00fablico-privada.<\/p>\n<p>Pola s\u00faa parte, Juan Antonio Pedre\u00f1o, presidente de CEPES, explicou que \u201co sector ten o reto fundamental de medrar para cambiar de escala, para influir nas pol\u00edticas p\u00fablicas, para evitar discriminaci\u00f3ns lexislativas e para traballar no emprendemento xuvenil\u201d e insistiu na necesidade de \u201cmellorar a visibilidade da econom\u00eda social para que se co\u00f1eza e valore\u201d, para o que\u00a0reclamou a participaci\u00f3n deste modelo empresarial no di\u00e1logo social.<\/p>\n<p>Covadonga Toca Car\u00fas, directora xeral de Emprego, apuntou a aposta da Xunta pola innovaci\u00f3n para a creaci\u00f3n de emprego e falou do\u00a0apoio da aceleraci\u00f3n de proxectos\u00a0que contrib\u00faen \u00e1 creaci\u00f3n e consolidaci\u00f3n deste tipo de empresas.<\/p>\n<p>A\u00a0directora xeral de Traballo Aut\u00f3nomo, Econom\u00eda Social e RSE do Ministerio de Trabajo y Econom\u00eda Social, Maravillas Esp\u00edn, tam\u00e9n incidiu en que un dos retos para a econom\u00eda social \u00e9 a visibilizaci\u00f3n do seu potencial \u201cpara mellorar ao conxunto da sociedade\u201d.<\/p>\n<p>Antes da finalizaci\u00f3n do acto, rendiuse homenaxe a dous expo\u00f1entes da Econom\u00eda Social galega: o pioneiro do cooperativismo Xos\u00e9 Severino Montes, quen foi presidente de Feiraco (agora Clun) e de AGACA, e o presidente de CEGASAL, Xos\u00e9 Antonio V\u00e1zquez.<\/p>","protected":false},"excerpt":{"rendered":"<p>Yolanda D\u00edaz, vicepresidenta segunda e ministra de Traballo e Econom\u00eda Social, presentou esta semana o Manifiesto da Econom\u00eda Social (descargar), un texto que compila as ideas de m\u00e1ximos representantes deste modelo econ\u00f3mico, que prima as personas e a fin social da entidade por encima do capital. F\u00edxoo en Santiago de Compostela, capital da Econom\u00eda Social [&hellip;]<\/p>\n","protected":false},"author":3,"featured_media":11779,"comment_status":"closed","ping_status":"closed","sticky":false,"template":"","format":"standard","meta":[],"categories":[48],"tags":[49],"_links":{"self":[{"href":"https:\/\/algalia.com\/gl\/wp-json\/wp\/v2\/posts\/11773"}],"collection":[{"href":"https:\/\/algalia.com\/gl\/wp-json\/wp\/v2\/posts"}],"about":[{"href":"https:\/\/algalia.com\/gl\/wp-json\/wp\/v2\/types\/post"}],"author":[{"embeddable":true,"href":"https:\/\/algalia.com\/gl\/wp-json\/wp\/v2\/users\/3"}],"replies":[{"embeddable":true,"href":"https:\/\/algalia.com\/gl\/wp-json\/wp\/v2\/comments?post=11773"}],"version-history":[{"count":6,"href":"https:\/\/algalia.com\/gl\/wp-json\/wp\/v2\/posts\/11773\/revisions"}],"predecessor-version":[{"id":11794,"href":"https:\/\/algalia.com\/gl\/wp-json\/wp\/v2\/posts\/11773\/revisions\/11794"}],"wp:featuredmedia":[{"embeddable":true,"href":"https:\/\/algalia.com\/gl\/wp-json\/wp\/v2\/media\/11779"}],"wp:attachment":[{"href":"https:\/\/algalia.com\/gl\/wp-json\/wp\/v2\/media?parent=11773"}],"wp:term":[{"taxonomy":"category","embeddable":true,"href":"https:\/\/algalia.com\/gl\/wp-json\/wp\/v2\/categories?post=11773"},{"taxonomy":"post_tag","embeddable":true,"href":"https:\/\/algalia.com\/gl\/wp-json\/wp\/v2\/tags?post=11773"}],"curies":[{"name":"wp","href":"https:\/\/api.w.org\/{rel}","templated":true}]}}