{"id":11595,"date":"2022-04-22T14:38:14","date_gmt":"2022-04-22T12:38:14","guid":{"rendered":"https:\/\/algalia.com\/gl\/?p=11595"},"modified":"2022-04-29T17:21:58","modified_gmt":"2022-04-29T15:21:58","slug":"valencia-acollera-en-xuno-o-33-congreso-nacional-do-ciriec","status":"publish","type":"post","link":"https:\/\/algalia.com\/gl\/valencia-acollera-en-xuno-o-33-congreso-nacional-do-ciriec\/","title":{"rendered":"Valencia acoller\u00e1 en xu\u00f1o o 33 Congreso Nacional do  CIRIEC"},"content":{"rendered":"<p><img decoding=\"async\" loading=\"lazy\" class=\"wp-image-11597 alignright\" src=\"https:\/\/algalia.com\/wp-content\/uploads\/2022\/04\/valencia-1049389-300x184.jpg\" alt=\"\" width=\"449\" height=\"276\" srcset=\"https:\/\/algalia.com\/wp-content\/uploads\/2022\/04\/valencia-1049389-300x184.jpg 300w, https:\/\/algalia.com\/wp-content\/uploads\/2022\/04\/valencia-1049389-610x375.jpg 610w, https:\/\/algalia.com\/wp-content\/uploads\/2022\/04\/valencia-1049389.jpg 700w\" sizes=\"(max-width: 449px) 100vw, 449px\" \/><\/p>\n<p>Os <strong>d\u00edas 13, 14 e 15 de xu\u00f1o de 2022, o Palau de lles Arts, da Cidade das Artes e das Ciencias, en Valencia, acoller\u00e1 o 33 Congreso Internacional do\u00a0 CIRIEC<\/strong> (Centro Internacional de Investigaci\u00f3n e Informaci\u00f3n sobre a Econom\u00eda P\u00fablica, Social e Cooperativa). O encontro cel\u00e9brase co lema \u201c<strong>Nuevas din\u00e1micas mundiales en la era post- Covid: desaf\u00edos para la econom\u00eda p\u00fablica, social y cooperativa<\/strong>\u201d, e dir\u00edxese a directivos de empresas p\u00fablicas e privadas a nivel global, representantes do mundo econ\u00f3mico e social, dirixentes cooperativos e da econom\u00eda social, sindicalistas, pol\u00edticos, profesionais e cient\u00edficos.<\/p>\n<p>A conferencia inaugural correr\u00e1 a cargo do Premio Nobel de Econom\u00eda\u00a0 Paul\u00a0 Krugman, e a de clausura ser\u00e1 pronunciada por Mariana\u00a0 Mazzucato, economista referente na an\u00e1lise do papel dos gobernos como motor de innovaci\u00f3n. Ademais, durante os tres d\u00edas de foro, intervir\u00e1n en 6 sesi\u00f3ns plenarias e 8 talleres m\u00e1is de 50 investigadores, directivos de empresas p\u00fablicas e da econom\u00eda social e responsables do sector p\u00fablico, debatendo temas de tanto interese como a vivenda e o desenvolvemento urbano, a\u00a0 gobernanza, os participados entre a econom\u00eda p\u00fablica e a econom\u00eda social, a transici\u00f3n ecol\u00f3xica xusta, os investimentos p\u00fablicos, a cobertura de servizos esenciais como a enerx\u00eda, o transporte ou a auga, a innovaci\u00f3n e os obxectivos de desenvolvemento sostible. En paralelo, desenvolveranse 16 sesi\u00f3ns dedicadas ao\u00a0 cooperativismo, a econom\u00eda social e a econom\u00eda p\u00fablica, onde se debater\u00e1n ao redor de 80 comunicaci\u00f3ns.<\/p>\n<p>O\u00a0 CIRIEC convida \u00e1 comunidade internacional ao Congreso de Valencia, un dos principais eventos do ano ao redor da econom\u00eda p\u00fablica, o\u00a0 cooperativismo e a econom\u00eda social<strong>. O programa completo, as\u00ed como as opci\u00f3ns de inscrici\u00f3n e aloxamento at\u00f3panse xa dispo\u00f1ibles na <a href=\"http:\/\/ciriec.es\/valencia2022\/es\/inicio\/\" target=\"_blank\" rel=\"noopener\">Web oficial do Congreso<\/a>.<\/strong><\/p>","protected":false},"excerpt":{"rendered":"<p>Os d\u00edas 13, 14 e 15 de xu\u00f1o de 2022, o Palau de lles Arts, da Cidade das Artes e das Ciencias, en Valencia, acoller\u00e1 o 33 Congreso Internacional do\u00a0 CIRIEC (Centro Internacional de Investigaci\u00f3n e Informaci\u00f3n sobre a Econom\u00eda P\u00fablica, Social e Cooperativa). O encontro cel\u00e9brase co lema \u201cNuevas din\u00e1micas mundiales en la era [&hellip;]<\/p>\n","protected":false},"author":3,"featured_media":11597,"comment_status":"closed","ping_status":"closed","sticky":false,"template":"","format":"standard","meta":[],"categories":[48],"tags":[],"_links":{"self":[{"href":"https:\/\/algalia.com\/gl\/wp-json\/wp\/v2\/posts\/11595"}],"collection":[{"href":"https:\/\/algalia.com\/gl\/wp-json\/wp\/v2\/posts"}],"about":[{"href":"https:\/\/algalia.com\/gl\/wp-json\/wp\/v2\/types\/post"}],"author":[{"embeddable":true,"href":"https:\/\/algalia.com\/gl\/wp-json\/wp\/v2\/users\/3"}],"replies":[{"embeddable":true,"href":"https:\/\/algalia.com\/gl\/wp-json\/wp\/v2\/comments?post=11595"}],"version-history":[{"count":1,"href":"https:\/\/algalia.com\/gl\/wp-json\/wp\/v2\/posts\/11595\/revisions"}],"predecessor-version":[{"id":11598,"href":"https:\/\/algalia.com\/gl\/wp-json\/wp\/v2\/posts\/11595\/revisions\/11598"}],"wp:featuredmedia":[{"embeddable":true,"href":"https:\/\/algalia.com\/gl\/wp-json\/wp\/v2\/media\/11597"}],"wp:attachment":[{"href":"https:\/\/algalia.com\/gl\/wp-json\/wp\/v2\/media?parent=11595"}],"wp:term":[{"taxonomy":"category","embeddable":true,"href":"https:\/\/algalia.com\/gl\/wp-json\/wp\/v2\/categories?post=11595"},{"taxonomy":"post_tag","embeddable":true,"href":"https:\/\/algalia.com\/gl\/wp-json\/wp\/v2\/tags?post=11595"}],"curies":[{"name":"wp","href":"https:\/\/api.w.org\/{rel}","templated":true}]}}