{"id":7575,"date":"2019-07-01T14:39:38","date_gmt":"2019-07-01T12:39:38","guid":{"rendered":"https:\/\/algalia.com\/gl\/?p=7575"},"modified":"2020-04-06T18:29:57","modified_gmt":"2020-04-06T16:29:57","slug":"i-foro-por-talento-emprende-galicia","status":"publish","type":"post","link":"https:\/\/algalia.com\/es\/i-foro-por-talento-emprende-galicia\/","title":{"rendered":"I Foro por Talento Emprende Galicia"},"content":{"rendered":"<p><img decoding=\"async\" loading=\"lazy\" class=\"wp-image-7576 alignright\" src=\"https:\/\/algalia.com\/wp-content\/uploads\/2019\/07\/foro-300x178.jpg\" alt=\"\" width=\"385\" height=\"229\" srcset=\"https:\/\/algalia.com\/wp-content\/uploads\/2019\/07\/foro-300x178.jpg 300w, https:\/\/algalia.com\/wp-content\/uploads\/2019\/07\/foro-768x456.jpg 768w, https:\/\/algalia.com\/wp-content\/uploads\/2019\/07\/foro-1024x609.jpg 1024w, https:\/\/algalia.com\/wp-content\/uploads\/2019\/07\/foro-610x363.jpg 610w, https:\/\/algalia.com\/wp-content\/uploads\/2019\/07\/foro.jpg 1250w\" sizes=\"(max-width: 385px) 100vw, 385px\" \/><\/p>\n<p>Promovido por Asociaci\u00f3n Inserta Empleo, el pasado d\u00eda 20 de junio, tuvimos el honor de organizar el primer Foro por Talento Emprende Galicia, dirigido a personas emprendedoras con discapacidad en el \u00e1mbito gallego y celebrado en Santiago de Compostela.<\/p>\n<p>Concebido como un espacio de encuentro, los m\u00e1s de 80 asistentes, pudieron compartir experiencias y conectarse con otros emprendedores.<\/p>\n<p>De la mano de Dani Di\u00e9guez, Pablo Lopez y Javier Megias, nos ilustraron\u00a0 de como est\u00e1 cambiando el mundo del trabajo y del emprendimiento con la industria 4.0 y como podemos aprovechar esta transformaci\u00f3n adem\u00e1s del marketing digital, y todo aquello que nos hubiera gustado que saber y que nadie nos cont\u00f3 antes de ser emprendedores.<\/p>\n<p>Espero y deseo de que este sea el primer foro de muchos, y que podamos seguir contribuyendo a apoyar al emprendimiento gallego.<\/p>\n<p><strong>Miguel Barbosa<br \/>\nSocio Responsable\u00a0\u00a0de Consultor\u00eda de Algalia Servicios para la Econom\u00eda Social<\/strong><\/p>","protected":false},"excerpt":{"rendered":"<p>Promovido por Asociaci\u00f3n Inserta Empleo, el pasado d\u00eda 20 de junio, tuvimos el honor de organizar el primer Foro por Talento Emprende Galicia, dirigido a personas emprendedoras con discapacidad en el \u00e1mbito gallego y celebrado en Santiago de Compostela. Concebido como un espacio de encuentro, los m\u00e1s de 80 asistentes, pudieron compartir experiencias y conectarse [&hellip;]<\/p>\n","protected":false},"author":3,"featured_media":7576,"comment_status":"closed","ping_status":"closed","sticky":false,"template":"","format":"standard","meta":[],"categories":[1],"tags":[],"_links":{"self":[{"href":"https:\/\/algalia.com\/es\/wp-json\/wp\/v2\/posts\/7575"}],"collection":[{"href":"https:\/\/algalia.com\/es\/wp-json\/wp\/v2\/posts"}],"about":[{"href":"https:\/\/algalia.com\/es\/wp-json\/wp\/v2\/types\/post"}],"author":[{"embeddable":true,"href":"https:\/\/algalia.com\/es\/wp-json\/wp\/v2\/users\/3"}],"replies":[{"embeddable":true,"href":"https:\/\/algalia.com\/es\/wp-json\/wp\/v2\/comments?post=7575"}],"version-history":[{"count":3,"href":"https:\/\/algalia.com\/es\/wp-json\/wp\/v2\/posts\/7575\/revisions"}],"predecessor-version":[{"id":7579,"href":"https:\/\/algalia.com\/es\/wp-json\/wp\/v2\/posts\/7575\/revisions\/7579"}],"wp:featuredmedia":[{"embeddable":true,"href":"https:\/\/algalia.com\/es\/wp-json\/wp\/v2\/media\/7576"}],"wp:attachment":[{"href":"https:\/\/algalia.com\/es\/wp-json\/wp\/v2\/media?parent=7575"}],"wp:term":[{"taxonomy":"category","embeddable":true,"href":"https:\/\/algalia.com\/es\/wp-json\/wp\/v2\/categories?post=7575"},{"taxonomy":"post_tag","embeddable":true,"href":"https:\/\/algalia.com\/es\/wp-json\/wp\/v2\/tags?post=7575"}],"curies":[{"name":"wp","href":"https:\/\/api.w.org\/{rel}","templated":true}]}}