{"id":5030,"date":"2017-05-31T10:17:55","date_gmt":"2017-05-31T08:17:55","guid":{"rendered":"https:\/\/algalia.com\/?p=5030"},"modified":"2020-04-06T18:30:07","modified_gmt":"2020-04-06T16:30:07","slug":"vantaxes-contrato-en-practicas-un-contrato-incentivado","status":"publish","type":"post","link":"https:\/\/algalia.com\/es\/vantaxes-contrato-en-practicas-un-contrato-incentivado\/","title":{"rendered":"Las ventajas del contrato en pr\u00e1cticas. Un contrato incentivado"},"content":{"rendered":"<p><img decoding=\"async\" loading=\"lazy\" class=\"alignright wp-image-5032\" src=\"https:\/\/algalia.com\/wp-content\/uploads\/2017\/06\/239.gif\" alt=\"Las ventajas del contrato en pr\u00e1cticas. Un contrato incentivado\" width=\"400\" height=\"233\" \/>El contrato de trabajo en pr\u00e1cticas (no confundir con las becas ni con las pr\u00e1cticas no laborales) es una de las modalidades de contrataci\u00f3n temporal previstas en nuestra legislaci\u00f3n laboral. Tiene como objetivo principal proporcionar a los trabajadores que est\u00e1n en posesi\u00f3n de t\u00edtulos habilitantes para el ejercicio de una determinada profesi\u00f3n, una cualificaci\u00f3n pr\u00e1ctica, en un puesto de trabajo retribuido y por cuenta de un empresario y por lo tanto, con todos los derechos y obligaciones de un contrato de trabajo.<\/p>\n<p><strong>\u00bfCon qu\u00e9 trabajadores puede formalizarse? <\/strong><\/p>\n<p>Aquellos que est\u00e9n en posesi\u00f3n de:<\/p>\n<p>T\u00edtulo universitario o de formaci\u00f3n profesional de grado medio o superior, o t\u00edtulos oficialmente reconocidos como equivalentes o bien, un certificado de profesionalidad que habilite para el ejercicio profesional seg\u00fan Ley Org\u00e1nica 5\/2002.<\/p>\n<p>Dentro de los cinco a\u00f1os siguientes a la terminaci\u00f3n de estudios, o de siete en el caso de que se trate de un trabajador con discapacidad.<\/p>\n<p>Si el trabajador es menor de 30 a\u00f1os, no se tiene en cuenta la fecha de terminaci\u00f3n de estudios.<\/p>\n<p><strong>\u00bfCu\u00e1les son esos incentivos para las empresas?<\/strong><\/p>\n<p>El derecho a una reducci\u00f3n del 50% de la cuota empresarial a la seguridad social por contingencias comunes (que supone m\u00e1s de la mitad de la cuota empresarial a la seguridad social) y durante toda la vigencia del contrato, sin obligaciones de mantenimiento de niveles de empleo ni de porcentajes de estabilidad.<\/p>\n<p>Esta bonificaci\u00f3n podr\u00e1 aplicarse cuando el contrato se formalice con un trabajador menor de 30 a\u00f1os (o 35 si tuviere reconocido un grado de discapacidad de al menos el 33%).<\/p>\n<p>Adem\u00e1s, en el supuesto en el que el trabajador estuviese realizando pr\u00e1cticas no laborales en el momento de la concertaci\u00f3n del contrato de trabajo en pr\u00e1cticas, de acuerdo con lo dispuesto en el Real Decreto 1543\/2011 de 31 de octubre, la reducci\u00f3n de cuotas ser\u00e1 del 75%.<\/p>\n<p>Si el contrato se transforma en indefinido (al t\u00e9rmino de este o durante su vigencia), se tendr\u00e1 derecho a una bonificaci\u00f3n en las cuotas empresariales a la seguridad social de 500 euros al a\u00f1o en el caso de contratar a un hombre o 700 si se formaliza este contrato con una mujer, y durante tres a\u00f1os.<\/p>\n<p>Comentar que el mes en el que se produzca un descubierto en el pago de los seguros sociales, no podr\u00e1 aplicarse la bonificaci\u00f3n.<\/p>\n<p><strong>En cuanto a la duraci\u00f3n del contrato. <\/strong><\/p>\n<p>No podr\u00e1 ser inferior a seis meses ni exceder de dos a\u00f1os. Dentro de estos l\u00edmites, el convenio colectivo podr\u00e1 determinar la duraci\u00f3n. Hasta agotar la duraci\u00f3n m\u00e1xima podr\u00e1n formalizarse hasta dos pr\u00f3rrogas por cada contrato, siendo estas de duraci\u00f3n no inferior a seis meses.<\/p>\n<p><strong>Formalizaci\u00f3n del contrato, jornada y per\u00edodo de prueba.<\/strong><\/p>\n<p>Se formalizar\u00e1 necesariamente por escrito y en modelo oficial en el que se har\u00e1 constar la titulaci\u00f3n del trabajador y el puesto de trabajo a desempe\u00f1ar. Siendo el objetivo del contrato la obtenci\u00f3n de la capacitaci\u00f3n pr\u00e1ctica, ese puesto de trabajo ser\u00e1 el que corresponda a la titulaci\u00f3n que permite la celebraci\u00f3n del contrato.<\/p>\n<p>La jornada de trabajo podr\u00e1 ser completa o a tiempo parcial.<\/p>\n<p>En cuanto a la duraci\u00f3n del per\u00edodo de prueba, siempre en el marco de la vigencia del contrato, ser\u00e1 la que regule el convenio colectivo sectorial de aplicaci\u00f3n.<\/p>\n<p><strong>En cuanto al salario <\/strong><\/p>\n<p>La retribuci\u00f3n ser\u00e1 la fijada en convenio colectivo para ese puesto de actividad o categor\u00eda sin que pueda ser inferior al 60% el primer a\u00f1o de vigencia del contrato y de 75% el segundo. En ning\u00fan caso el salario ser\u00e1 inferior al SMI vigente en cada momento (9.907,80 euros anuales en el a\u00f1o 2017) reduci\u00e9ndose proporcionalmente en funci\u00f3n de la jornada pactada.<\/p>\n<p><strong>Marta Armada<\/strong><strong><br \/>\nSocia Asesora\u00a0Sociolaboral de Algalia Servicios para el Tercer Sector<\/strong><\/p>\n<p>&nbsp;<\/p>","protected":false},"excerpt":{"rendered":"<p>El contrato de trabajo en pr\u00e1cticas (no confundir con las becas ni con las pr\u00e1cticas no laborales) es una de las modalidades de contrataci\u00f3n temporal previstas en nuestra legislaci\u00f3n laboral. Tiene como objetivo principal proporcionar a los trabajadores que est\u00e1n en posesi\u00f3n de t\u00edtulos habilitantes para el ejercicio de una determinada profesi\u00f3n, una cualificaci\u00f3n pr\u00e1ctica, [&hellip;]<\/p>\n","protected":false},"author":3,"featured_media":5032,"comment_status":"closed","ping_status":"closed","sticky":false,"template":"","format":"standard","meta":[],"categories":[11],"tags":[],"_links":{"self":[{"href":"https:\/\/algalia.com\/es\/wp-json\/wp\/v2\/posts\/5030"}],"collection":[{"href":"https:\/\/algalia.com\/es\/wp-json\/wp\/v2\/posts"}],"about":[{"href":"https:\/\/algalia.com\/es\/wp-json\/wp\/v2\/types\/post"}],"author":[{"embeddable":true,"href":"https:\/\/algalia.com\/es\/wp-json\/wp\/v2\/users\/3"}],"replies":[{"embeddable":true,"href":"https:\/\/algalia.com\/es\/wp-json\/wp\/v2\/comments?post=5030"}],"version-history":[{"count":19,"href":"https:\/\/algalia.com\/es\/wp-json\/wp\/v2\/posts\/5030\/revisions"}],"predecessor-version":[{"id":5099,"href":"https:\/\/algalia.com\/es\/wp-json\/wp\/v2\/posts\/5030\/revisions\/5099"}],"wp:featuredmedia":[{"embeddable":true,"href":"https:\/\/algalia.com\/es\/wp-json\/wp\/v2\/media\/5032"}],"wp:attachment":[{"href":"https:\/\/algalia.com\/es\/wp-json\/wp\/v2\/media?parent=5030"}],"wp:term":[{"taxonomy":"category","embeddable":true,"href":"https:\/\/algalia.com\/es\/wp-json\/wp\/v2\/categories?post=5030"},{"taxonomy":"post_tag","embeddable":true,"href":"https:\/\/algalia.com\/es\/wp-json\/wp\/v2\/tags?post=5030"}],"curies":[{"name":"wp","href":"https:\/\/api.w.org\/{rel}","templated":true}]}}