{"id":3660,"date":"2012-10-30T09:46:40","date_gmt":"2012-10-30T07:46:40","guid":{"rendered":"https:\/\/algalia.com\/es\/?p=3660"},"modified":"2020-04-06T18:30:21","modified_gmt":"2020-04-06T16:30:21","slug":"algalia-participa-i-encuentro-familias-personas-autismo-castilla-leon-juntos-construimos-nuevas-realedades","status":"publish","type":"post","link":"https:\/\/algalia.com\/es\/algalia-participa-i-encuentro-familias-personas-autismo-castilla-leon-juntos-construimos-nuevas-realedades\/","title":{"rendered":"Algalia participa en el I Encuentro de familias de personas con autismo de Castilla y Le\u00f3n \u00abJuntos construimos nuevas realidades\u00bb"},"content":{"rendered":"<p><img decoding=\"async\" loading=\"lazy\" class=\"alignleft wp-image-3661\" src=\"https:\/\/algalia.com\/wp-content\/uploads\/2017\/03\/I_encuentro_familias_autismo_castilla_y_leon-300x118.jpg\" alt=\"lgalia participa en el I Encuentro de familias de personas con autismo de Castilla y Le\u00f3n &quot;Juntos construimos nuevas realidades&quot;\" width=\"417\" height=\"164\" srcset=\"https:\/\/algalia.com\/wp-content\/uploads\/2017\/03\/I_encuentro_familias_autismo_castilla_y_leon-300x118.jpg 300w, https:\/\/algalia.com\/wp-content\/uploads\/2017\/03\/I_encuentro_familias_autismo_castilla_y_leon-768x302.jpg 768w, https:\/\/algalia.com\/wp-content\/uploads\/2017\/03\/I_encuentro_familias_autismo_castilla_y_leon-600x236.jpg 600w, https:\/\/algalia.com\/wp-content\/uploads\/2017\/03\/I_encuentro_familias_autismo_castilla_y_leon.jpg 800w\" sizes=\"(max-width: 417px) 100vw, 417px\" \/><\/p>\n<p>El 15 de septiembre de 2012 se celebr\u00f3 en la Virgen del Camino (L\u00e9on) este primer encuentro, promovido por la <a href=\"http:\/\/www.autismocastillayleon.com\/index.php?option=com_frontpage&amp;Itemid=1\" target=\"_blank\" rel=\"noopener noreferrer\">Federaci\u00f3n Autismo de Castilla y Le\u00f3n<\/a>, y dirigido a familiares de personas con TEA (padres, hermanos y amigos) de todas las asociaciones integradas en Federaci\u00f3n.<\/p>\n<p>David Pereiro, socio consultor del \u00c1rea de desarrollo organizacional, fue invitado a dinamizar el taller \u201c<a href=\"http:\/\/viejaweb.algalia.com\/files\/BOLETIN%20_Federacion_%20Autismo_%20Castilla_y_%20Leon_ANEXO.pdf\" target=\"_blank\" rel=\"noopener noreferrer\">Participaci\u00f3n de las familias en la organizaci\u00f3n de las entidades. Modelos de gesti\u00f3n efectiva<\/a>\u201d, y charlar con los participantes sobre \u201cEl movimiento asociativo y la responsabilidad de las familias\u201d.<\/p>\n<p><strong>Celso G\u00e1ndara<br \/>\nGerente de Algalia Servicios para el Tercer Sector<\/strong><\/p>","protected":false},"excerpt":{"rendered":"<p>El 15 de septiembre de 2012 se celebr\u00f3 en la Virgen del Camino (L\u00e9on) este primer encuentro, promovido por la Federaci\u00f3n Autismo de Castilla y Le\u00f3n, y dirigido a familiares de personas con TEA (padres, hermanos y amigos) de todas las asociaciones integradas en Federaci\u00f3n. David Pereiro, socio consultor del \u00c1rea de desarrollo organizacional, fue [&hellip;]<\/p>\n","protected":false},"author":3,"featured_media":4148,"comment_status":"closed","ping_status":"closed","sticky":false,"template":"","format":"standard","meta":[],"categories":[12],"tags":[31],"_links":{"self":[{"href":"https:\/\/algalia.com\/es\/wp-json\/wp\/v2\/posts\/3660"}],"collection":[{"href":"https:\/\/algalia.com\/es\/wp-json\/wp\/v2\/posts"}],"about":[{"href":"https:\/\/algalia.com\/es\/wp-json\/wp\/v2\/types\/post"}],"author":[{"embeddable":true,"href":"https:\/\/algalia.com\/es\/wp-json\/wp\/v2\/users\/3"}],"replies":[{"embeddable":true,"href":"https:\/\/algalia.com\/es\/wp-json\/wp\/v2\/comments?post=3660"}],"version-history":[{"count":7,"href":"https:\/\/algalia.com\/es\/wp-json\/wp\/v2\/posts\/3660\/revisions"}],"predecessor-version":[{"id":4936,"href":"https:\/\/algalia.com\/es\/wp-json\/wp\/v2\/posts\/3660\/revisions\/4936"}],"wp:featuredmedia":[{"embeddable":true,"href":"https:\/\/algalia.com\/es\/wp-json\/wp\/v2\/media\/4148"}],"wp:attachment":[{"href":"https:\/\/algalia.com\/es\/wp-json\/wp\/v2\/media?parent=3660"}],"wp:term":[{"taxonomy":"category","embeddable":true,"href":"https:\/\/algalia.com\/es\/wp-json\/wp\/v2\/categories?post=3660"},{"taxonomy":"post_tag","embeddable":true,"href":"https:\/\/algalia.com\/es\/wp-json\/wp\/v2\/tags?post=3660"}],"curies":[{"name":"wp","href":"https:\/\/api.w.org\/{rel}","templated":true}]}}