{"id":3630,"date":"2012-12-04T17:37:56","date_gmt":"2012-12-04T15:37:56","guid":{"rendered":"https:\/\/algalia.com\/es\/?p=3630"},"modified":"2020-04-06T18:30:20","modified_gmt":"2020-04-06T16:30:20","slug":"algalia-e-imatia-presentaron-software-integra-na-i-xornada-das-boas-practicas-tecnoloxia-incluion-social","status":"publish","type":"post","link":"https:\/\/algalia.com\/es\/algalia-e-imatia-presentaron-software-integra-na-i-xornada-das-boas-practicas-tecnoloxia-incluion-social\/","title":{"rendered":"Algalia e Imatia, presentaron el software +INTEGRA en la \u00abI jornada de las buenas pr\u00e1cticas en tecnolog\u00eda para la inclusi\u00f3n social\u00bb"},"content":{"rendered":"<p><img decoding=\"async\" loading=\"lazy\" class=\"alignleft wp-image-3631\" src=\"https:\/\/algalia.com\/wp-content\/uploads\/2017\/03\/programa_ontimize.png\" alt=\"Algalia e Imatia, presentaron el software +INTEGRA en la &quot;I jornada de las buenas pr\u00e1cticas en tecnolog\u00eda para la inclusi\u00f3n social&quot;\" width=\"317\" height=\"238\" \/><\/p>\n<p>Algalia e Imatia Innovation, presentaron el pasado d\u00eda 23 de noviembre la aplicaci\u00f3n +INTEGRA, en el marco de la \u201cI Jornada de buenas pr\u00e1cticas en tecnolog\u00eda para la inclusi\u00f3n social\u201d organizadas por la <a href=\"http:\/\/imit.xunta.es\/portal\/sxmit\/AMTEGA\/presentacion_amtega.html\">Agencia para la Modernizaci\u00f3n Tecnol\u00f3gica de Galicia (AMTEGA)<\/a>, adscrita a la Presidencia de la Xunta de Galicia.<\/p>\n<p>Con el objetivo de mostrar diferentes buenas pr\u00e1cticas relacionadas con esta materia, se organiz\u00f3 esta jornada, para contribuir al conocimiento de la realidad social, y al planteamiento de la utilidad e idoneidad de las TIC como complemento y soluci\u00f3n a determinados problemas sociales.<\/p>\n<p>En este marco presentamos <a href=\"http:\/\/www.ontimizesolutions.com\/integra\/index.html\">+INTEGRA<\/a>, como una soluci\u00f3n dise\u00f1ada desde los profesionales y para mejorar la calidad de vida de las personas con discapacidad. Esta aplicaci\u00f3n facilita el proceso de planificaci\u00f3n del avance de la calidad de vida de la intervenci\u00f3n (Plan individual el Planificaci\u00f3n Centrada en la Persona) e integra procesos, conocimientos, equipos, comunicaciones de una forma f\u00e1cil, sencilla e intuitiva.<\/p>\n<p><strong>Celso G\u00e1ndara<br \/>\nGerente de Algalia Servicios para el Tercer Sector<\/strong><\/p>","protected":false},"excerpt":{"rendered":"<p>Algalia e Imatia Innovation, presentaron el pasado d\u00eda 23 de noviembre la aplicaci\u00f3n +INTEGRA, en el marco de la \u201cI Jornada de buenas pr\u00e1cticas en tecnolog\u00eda para la inclusi\u00f3n social\u201d organizadas por la Agencia para la Modernizaci\u00f3n Tecnol\u00f3gica de Galicia (AMTEGA), adscrita a la Presidencia de la Xunta de Galicia. Con el objetivo de mostrar [&hellip;]<\/p>\n","protected":false},"author":3,"featured_media":3993,"comment_status":"closed","ping_status":"closed","sticky":false,"template":"","format":"standard","meta":[],"categories":[12],"tags":[24,25],"_links":{"self":[{"href":"https:\/\/algalia.com\/es\/wp-json\/wp\/v2\/posts\/3630"}],"collection":[{"href":"https:\/\/algalia.com\/es\/wp-json\/wp\/v2\/posts"}],"about":[{"href":"https:\/\/algalia.com\/es\/wp-json\/wp\/v2\/types\/post"}],"author":[{"embeddable":true,"href":"https:\/\/algalia.com\/es\/wp-json\/wp\/v2\/users\/3"}],"replies":[{"embeddable":true,"href":"https:\/\/algalia.com\/es\/wp-json\/wp\/v2\/comments?post=3630"}],"version-history":[{"count":5,"href":"https:\/\/algalia.com\/es\/wp-json\/wp\/v2\/posts\/3630\/revisions"}],"predecessor-version":[{"id":4927,"href":"https:\/\/algalia.com\/es\/wp-json\/wp\/v2\/posts\/3630\/revisions\/4927"}],"wp:featuredmedia":[{"embeddable":true,"href":"https:\/\/algalia.com\/es\/wp-json\/wp\/v2\/media\/3993"}],"wp:attachment":[{"href":"https:\/\/algalia.com\/es\/wp-json\/wp\/v2\/media?parent=3630"}],"wp:term":[{"taxonomy":"category","embeddable":true,"href":"https:\/\/algalia.com\/es\/wp-json\/wp\/v2\/categories?post=3630"},{"taxonomy":"post_tag","embeddable":true,"href":"https:\/\/algalia.com\/es\/wp-json\/wp\/v2\/tags?post=3630"}],"curies":[{"name":"wp","href":"https:\/\/api.w.org\/{rel}","templated":true}]}}