{"id":3510,"date":"2017-03-02T10:32:28","date_gmt":"2017-03-02T08:32:28","guid":{"rendered":"https:\/\/algalia.com\/es\/?p=3510"},"modified":"2020-04-27T17:57:39","modified_gmt":"2020-04-27T15:57:39","slug":"comenzou-a-virada_liderado","status":"publish","type":"post","link":"https:\/\/algalia.com\/es\/comenzou-a-virada_liderado\/","title":{"rendered":"Comenz\u00f3 la VIRADA_LIDERAZGO"},"content":{"rendered":"<p><img decoding=\"async\" loading=\"lazy\" class=\"alignright wp-image-3512\" src=\"https:\/\/algalia.com\/wp-content\/uploads\/2017\/03\/VIRADA-LIDERADO-Exercicio-01-300x169.jpg\" alt=\"Comenz\u00f3 la VIRADA_LIDERAZGO\" width=\"423\" height=\"238\" srcset=\"https:\/\/algalia.com\/wp-content\/uploads\/2017\/03\/VIRADA-LIDERADO-Exercicio-01-300x169.jpg 300w, https:\/\/algalia.com\/wp-content\/uploads\/2017\/03\/VIRADA-LIDERADO-Exercicio-01-768x432.jpg 768w, https:\/\/algalia.com\/wp-content\/uploads\/2017\/03\/VIRADA-LIDERADO-Exercicio-01-1024x576.jpg 1024w\" sizes=\"(max-width: 423px) 100vw, 423px\" \/><\/p>\n<p>El 24 y 25 de febrero, en el Balneario de Laias, comenz\u00f3 el programa Virada_Liderazgo, con la realizaci\u00f3n del primer outdoor. Este programa que se desarrollar\u00e1 hasta el mes de julio, nos permitir\u00e1 navegar, por el liderazgo en las organizaciones, unas veces con mar en calma y otras con tempestades. Unas veces las corrientes nos ayudar\u00e1n y en otros casos a contracorriente.<\/p>\n<p>En esta primera edici\u00f3n contamos con un grupo de 18 personas, pertenecientes a las siguientes entidades: Asoc. Aliento de Da\u00f1o Cerebral, Fundaci\u00f3n Ram\u00f3n Dom\u00ednguez, International Hypopressive Institute, Cl\u00ednica Lorenzo Vila, Fundaci\u00f3n Menela, Asoc. Sano Xerome Emiliani, Asoc. Amicos del Barbanza, Asoc. APEM, EVD Galicia, Asoc Nuestra Se\u00f1ora de Chamorro, Asoc Aspanaex.<\/p>\n<p>En este primer taller, facilitado \u00a0por Ander Mimenza, Itziar Garay, David Pereiro y Miguel Barbosa, el grupo vivenci\u00f3 desde planos cognitivos, emocionales y corporales aspectos clave en el desarrollo del liderazgo como son: la forma de aprender, la zona de confort, el cambio de observador, elementos de las competencias conversacionales, las declaraciones b\u00e1sicas, la escucha,\u2026.. En fin toda una programaci\u00f3n de distinciones, vivencias que por seguro no les hab\u00edan dejado indiferentes y podr\u00e1n ser facilitadoras de procesos de cambio y crecimiento personal que persiguen el objetivo de conseguir un liderazgo mas efectivo y satisfactorio.<\/p>\n<p><strong>Celso G\u00e1ndara<br \/>\nGerente\u00a0de Algalia Servicios\u00a0para el Tercer Sector<\/strong><\/p>\n<p>&nbsp;<\/p>","protected":false},"excerpt":{"rendered":"<p>El 24 y 25 de febrero, en el Balneario de Laias, comenz\u00f3 el programa Virada_Liderazgo, con la realizaci\u00f3n del primer outdoor. Este programa que se desarrollar\u00e1 hasta el mes de julio, nos permitir\u00e1 navegar, por el liderazgo en las organizaciones, unas veces con mar en calma y otras con tempestades. Unas veces las corrientes nos [&hellip;]<\/p>\n","protected":false},"author":3,"featured_media":3512,"comment_status":"closed","ping_status":"closed","sticky":false,"template":"","format":"standard","meta":[],"categories":[12],"tags":[27,26,39],"_links":{"self":[{"href":"https:\/\/algalia.com\/es\/wp-json\/wp\/v2\/posts\/3510"}],"collection":[{"href":"https:\/\/algalia.com\/es\/wp-json\/wp\/v2\/posts"}],"about":[{"href":"https:\/\/algalia.com\/es\/wp-json\/wp\/v2\/types\/post"}],"author":[{"embeddable":true,"href":"https:\/\/algalia.com\/es\/wp-json\/wp\/v2\/users\/3"}],"replies":[{"embeddable":true,"href":"https:\/\/algalia.com\/es\/wp-json\/wp\/v2\/comments?post=3510"}],"version-history":[{"count":7,"href":"https:\/\/algalia.com\/es\/wp-json\/wp\/v2\/posts\/3510\/revisions"}],"predecessor-version":[{"id":4687,"href":"https:\/\/algalia.com\/es\/wp-json\/wp\/v2\/posts\/3510\/revisions\/4687"}],"wp:featuredmedia":[{"embeddable":true,"href":"https:\/\/algalia.com\/es\/wp-json\/wp\/v2\/media\/3512"}],"wp:attachment":[{"href":"https:\/\/algalia.com\/es\/wp-json\/wp\/v2\/media?parent=3510"}],"wp:term":[{"taxonomy":"category","embeddable":true,"href":"https:\/\/algalia.com\/es\/wp-json\/wp\/v2\/categories?post=3510"},{"taxonomy":"post_tag","embeddable":true,"href":"https:\/\/algalia.com\/es\/wp-json\/wp\/v2\/tags?post=3510"}],"curies":[{"name":"wp","href":"https:\/\/api.w.org\/{rel}","templated":true}]}}