{"id":2485,"date":"2016-11-03T16:48:57","date_gmt":"2016-11-03T14:48:57","guid":{"rendered":"https:\/\/algalia.com\/?p=2485"},"modified":"2020-04-06T18:30:10","modified_gmt":"2020-04-06T16:30:10","slug":"celebramos-coa-e-f-xornada-sobre-no-va-lei-de-rexime-xuridico-sector-publico","status":"publish","type":"post","link":"https:\/\/algalia.com\/es\/celebramos-coa-e-f-xornada-sobre-no-va-lei-de-rexime-xuridico-sector-publico\/","title":{"rendered":"Celebramos con la  A.E.F. la jornada sobre la nueva Ley de R\u00e9gimen Jur\u00eddico del Sector P\u00fablico"},"content":{"rendered":"<p><img decoding=\"async\" loading=\"lazy\" class=\"alignleft wp-image-2486\" src=\"https:\/\/algalia.com\/wp-content\/uploads\/2016\/11\/1610-Xornada-Fund-Sector-Publico-Foto-300x225.jpg\" alt=\"Celebramos con la  A.E.F. la jornada sobre la nueva Ley de R\u00e9gimen Jur\u00eddico del Sector P\u00fablico\" width=\"359\" height=\"269\" srcset=\"https:\/\/algalia.com\/wp-content\/uploads\/2016\/11\/1610-Xornada-Fund-Sector-Publico-Foto-300x225.jpg 300w, https:\/\/algalia.com\/wp-content\/uploads\/2016\/11\/1610-Xornada-Fund-Sector-Publico-Foto.jpg 408w\" sizes=\"(max-width: 359px) 100vw, 359px\" \/><\/p>\n<p>El pasado 27 de octubre celebramos en Santiago de Compostela la jornada sobre el impacto en las fundaciones p\u00fablicas de la nueva ley que regula el sector p\u00fablico.<\/p>\n<p>Isabel Pe\u00f1alosa, responsable <strong>de la asesor\u00eda \u00a0jur\u00eddica<\/strong> de la Asociaci\u00f3n Espa\u00f1ola de Fundaciones nos present\u00f3 <strong>un panorama general de la regulaci\u00f3n de las fundaciones del sector p\u00fablico en los campos jur\u00eddico, presupuestario, de contrataci\u00f3n, de subvenciones y de transparencia, rendici\u00f3n de cuentas y auditor\u00eda, con referencia espec\u00edfica a los datos y situaci\u00f3n en Galicia, para luego desgranar las novedades derivadas de la Ley 40\/2015, de R\u00e9gimen Jur\u00eddico del Sector P\u00fablico, con preceptos de aplicaci\u00f3n directa ya y otros pendientes de adaptaci\u00f3n normativa auton\u00f3mica.<\/strong><\/p>\n<p>Adem\u00e1s la jornada sirvi\u00f3 para fomentar las relaciones entre los <strong>y las<\/strong> profesionales de distintas fundaciones del sector p\u00fablico en Galicia y poder compartir inquietudes, dudas, soluciones a cuestiones que cada una est\u00e1n implementando <strong>o viendo como poder implementar<\/strong>&#8230;. en fin <strong>CONSTRUIR, COMPARTIR Y APRENDER.. <\/strong><\/p>\n<p><strong>Os dejamos un <a href=\"https:\/\/algalia.com\/wp-content\/uploads\/2016\/11\/1610-Xornada-Fund-Sector-Publico-Resume-Ley-sector-publico-AEF.pdf\" target=\"_blank\" rel=\"noopener noreferrer\">documento de an\u00e1lisis del impacto de la ley <\/a>elaborado por la Asociaci\u00f3n Espa\u00f1ola de Fundaciones.<\/strong><\/p>\n<p><strong>Celso G\u00e1ndara<\/strong><br \/>\n<strong>Gerente de\u00a0Algalia Servicios para el Tercer Sector<\/strong><\/p>","protected":false},"excerpt":{"rendered":"<p>El pasado 27 de octubre celebramos en Santiago de Compostela la jornada sobre el impacto en las fundaciones p\u00fablicas de la nueva ley que regula el sector p\u00fablico. Isabel Pe\u00f1alosa, responsable de la asesor\u00eda \u00a0jur\u00eddica de la Asociaci\u00f3n Espa\u00f1ola de Fundaciones nos present\u00f3 un panorama general de la regulaci\u00f3n de las fundaciones del sector p\u00fablico [&hellip;]<\/p>\n","protected":false},"author":3,"featured_media":2486,"comment_status":"closed","ping_status":"closed","sticky":false,"template":"","format":"standard","meta":[],"categories":[11],"tags":[21],"_links":{"self":[{"href":"https:\/\/algalia.com\/es\/wp-json\/wp\/v2\/posts\/2485"}],"collection":[{"href":"https:\/\/algalia.com\/es\/wp-json\/wp\/v2\/posts"}],"about":[{"href":"https:\/\/algalia.com\/es\/wp-json\/wp\/v2\/types\/post"}],"author":[{"embeddable":true,"href":"https:\/\/algalia.com\/es\/wp-json\/wp\/v2\/users\/3"}],"replies":[{"embeddable":true,"href":"https:\/\/algalia.com\/es\/wp-json\/wp\/v2\/comments?post=2485"}],"version-history":[{"count":11,"href":"https:\/\/algalia.com\/es\/wp-json\/wp\/v2\/posts\/2485\/revisions"}],"predecessor-version":[{"id":4246,"href":"https:\/\/algalia.com\/es\/wp-json\/wp\/v2\/posts\/2485\/revisions\/4246"}],"wp:featuredmedia":[{"embeddable":true,"href":"https:\/\/algalia.com\/es\/wp-json\/wp\/v2\/media\/2486"}],"wp:attachment":[{"href":"https:\/\/algalia.com\/es\/wp-json\/wp\/v2\/media?parent=2485"}],"wp:term":[{"taxonomy":"category","embeddable":true,"href":"https:\/\/algalia.com\/es\/wp-json\/wp\/v2\/categories?post=2485"},{"taxonomy":"post_tag","embeddable":true,"href":"https:\/\/algalia.com\/es\/wp-json\/wp\/v2\/tags?post=2485"}],"curies":[{"name":"wp","href":"https:\/\/api.w.org\/{rel}","templated":true}]}}