{"id":15462,"date":"2025-03-05T19:35:16","date_gmt":"2025-03-05T17:35:16","guid":{"rendered":"https:\/\/algalia.com\/?p=15462"},"modified":"2025-05-07T18:15:25","modified_gmt":"2025-05-07T16:15:25","slug":"da-comezo-virada-liderazgo-2025-coa-participacion-de-quince-entidades-sociais","status":"publish","type":"post","link":"https:\/\/algalia.com\/es\/da-comezo-virada-liderazgo-2025-coa-participacion-de-quince-entidades-sociais\/","title":{"rendered":"Virada Liderazgo 2025 se pone en marcha con la participaci\u00f3n de quince entidades sociales"},"content":{"rendered":"<p><a href=\"https:\/\/algalia.com\/wp-content\/uploads\/2025\/03\/VL25_OK-scaled.jpg\"><img decoding=\"async\" loading=\"lazy\" class=\"wp-image-15460 alignright\" src=\"https:\/\/algalia.com\/wp-content\/uploads\/2025\/03\/VL25_OK-scaled.jpg\" alt=\"\" width=\"462\" height=\"277\" srcset=\"https:\/\/algalia.com\/wp-content\/uploads\/2025\/03\/VL25_OK-scaled.jpg 2560w, https:\/\/algalia.com\/wp-content\/uploads\/2025\/03\/VL25_OK-300x180.jpg 300w, https:\/\/algalia.com\/wp-content\/uploads\/2025\/03\/VL25_OK-1024x614.jpg 1024w, https:\/\/algalia.com\/wp-content\/uploads\/2025\/03\/VL25_OK-768x461.jpg 768w, https:\/\/algalia.com\/wp-content\/uploads\/2025\/03\/VL25_OK-1536x921.jpg 1536w, https:\/\/algalia.com\/wp-content\/uploads\/2025\/03\/VL25_OK-2048x1229.jpg 2048w, https:\/\/algalia.com\/wp-content\/uploads\/2025\/03\/VL25_OK-610x366.jpg 610w\" sizes=\"(max-width: 462px) 100vw, 462px\" \/><\/a>El pasado 25 de febrero comenz\u00f3, en su novena edici\u00f3n, el programa\u00a0<a href=\"https:\/\/algalia.com\/es\/programa-virada\/virada-liderado\/\"><em>VIRADA Liderazgo<\/em><\/a>, con la participaci\u00f3n de quince entidades de la econom\u00eda social gallega.<\/p>\n<p>En concreto, en las pr\u00f3ximas semanas, veintis\u00e9is personas vinculadas al cooperativismo y al tercer sector de acci\u00f3n social conf\u00edan en\u00a0<em>la propuesta de ALGALIA y\u00a0EDE FUNDAZIOA,\u00a0para desarrollar y fomentar el liderazgo en entidades de econom\u00eda social.<\/em><\/p>\n<p>El prop\u00f3sito de\u00a0<a href=\"https:\/\/algalia.com\/es\/programa-virada\/virada-liderado\/\"><em>VIRADA Liderazgo<\/em><\/a>\u00a0 es contribuir a que personas con responsabilidades directivas o de coordinaci\u00f3n de equipos, responsabilidades en ejercicio o futuras, adquieran competencias estrat\u00e9gicas, interpersonales y personales que las capaciten para el desarrollo de un liderazgo m\u00e1s efectivo.<\/p>\n<p>Las actividades principales que estructuran al programa y que se desarrollar\u00e1n en los pr\u00f3ximos meses son:<\/p>\n<ul>\n<li>Encuentros presenciales\u00a0<em>outdoor<\/em>.<\/li>\n<li>Talleres de contenido sobre liderazgo.<\/li>\n<li>Coaching personal.<\/li>\n<li>Proyecto de Impacto Organizacional.<\/li>\n<\/ul>\n<p>A continuaci\u00f3n, os presentamos a las entidades participantes de esta edici\u00f3n:<\/p>\n<p><span style=\"color: #ff6600;\"><strong>\u00a0 \u00a0 \u00a01. Abeluria S.Coop<\/strong><\/span><\/p>\n<p><span style=\"color: #ff6600;\"><strong>\u00a0 \u00a0 \u00a02. AGACA<\/strong><\/span><\/p>\n<p><span style=\"color: #ff6600;\"><strong>\u00a0 \u00a0 \u00a03. ALENTO<\/strong><\/span><\/p>\n<p><span style=\"color: #ff6600;\"><strong>\u00a0 \u00a0 4. Algalia<\/strong><\/span><\/p>\n<p><span style=\"color: #ff6600;\"><strong>\u00a0 \u00a0 5. AMIPA<\/strong><\/span><\/p>\n<p><span style=\"color: #ff6600;\"><strong>\u00a0 \u00a0 6. Avelai\u00f1a<\/strong><strong> SA\u00daDE MENTAL<\/strong><\/span><\/p>\n<p><span style=\"color: #ff6600;\"><strong>\u00a0 \u00a0 7. Autismo BATA<\/strong><\/span><\/p>\n<p><span style=\"color: #ff6600;\"><strong>\u00a0 \u00a0 8. ASOCIACI\u00d3N NOSA SE\u00d1ORA DE <\/strong><strong>CHAMORRO<\/strong><\/span><\/p>\n<p><span style=\"color: #ff6600;\"><strong>\u00a0 \u00a0 9. COGAMI<\/strong><\/span><\/p>\n<p><span style=\"color: #ff6600;\"><strong>\u00a0 \u00a010. DOWN GALICIA<\/strong><\/span><\/p>\n<p><span style=\"color: #ff6600;\"><strong>\u00a0 \u00a0 11. DOWN OURENSE<\/strong><\/span><\/p>\n<p><span style=\"color: #ff6600;\"><strong>\u00a0 \u00a012. EVD GALICIA<\/strong><\/span><\/p>\n<p><span style=\"color: #ff6600;\"><strong>\u00a0 \u00a013. FUNDACI\u00d3N UNIVERSIDADE VIGO<\/strong><\/span><\/p>\n<p><span style=\"color: #ff6600;\"><strong>\u00a0 \u00a014. MAIER FERROPLAST<\/strong><\/span><\/p>\n<p><span style=\"color: #ff6600;\"><strong>\u00a0 \u00a0 15. ASOCIACI\u00d3N SAN XEROME EMILIANI<\/strong><\/span><\/p>\n<p>&nbsp;<\/p>\n<p>La formaci\u00f3n se retomar\u00e1 los pr\u00f3ximos 24 y 25 de abril despu\u00e9s de Semana Santa.<\/p>","protected":false},"excerpt":{"rendered":"<p>El pasado 25 de febrero comenz\u00f3, en su novena edici\u00f3n, el programa\u00a0VIRADA Liderazgo, con la participaci\u00f3n de quince entidades de la econom\u00eda social gallega. En concreto, en las pr\u00f3ximas semanas, veintis\u00e9is personas vinculadas al cooperativismo y al tercer sector de acci\u00f3n social conf\u00edan en\u00a0la propuesta de ALGALIA y\u00a0EDE FUNDAZIOA,\u00a0para desarrollar y fomentar el liderazgo en [&hellip;]<\/p>\n","protected":false},"author":3,"featured_media":15460,"comment_status":"closed","ping_status":"closed","sticky":false,"template":"","format":"standard","meta":[],"categories":[12,53],"tags":[31,27,39],"_links":{"self":[{"href":"https:\/\/algalia.com\/es\/wp-json\/wp\/v2\/posts\/15462"}],"collection":[{"href":"https:\/\/algalia.com\/es\/wp-json\/wp\/v2\/posts"}],"about":[{"href":"https:\/\/algalia.com\/es\/wp-json\/wp\/v2\/types\/post"}],"author":[{"embeddable":true,"href":"https:\/\/algalia.com\/es\/wp-json\/wp\/v2\/users\/3"}],"replies":[{"embeddable":true,"href":"https:\/\/algalia.com\/es\/wp-json\/wp\/v2\/comments?post=15462"}],"version-history":[{"count":4,"href":"https:\/\/algalia.com\/es\/wp-json\/wp\/v2\/posts\/15462\/revisions"}],"predecessor-version":[{"id":15472,"href":"https:\/\/algalia.com\/es\/wp-json\/wp\/v2\/posts\/15462\/revisions\/15472"}],"wp:featuredmedia":[{"embeddable":true,"href":"https:\/\/algalia.com\/es\/wp-json\/wp\/v2\/media\/15460"}],"wp:attachment":[{"href":"https:\/\/algalia.com\/es\/wp-json\/wp\/v2\/media?parent=15462"}],"wp:term":[{"taxonomy":"category","embeddable":true,"href":"https:\/\/algalia.com\/es\/wp-json\/wp\/v2\/categories?post=15462"},{"taxonomy":"post_tag","embeddable":true,"href":"https:\/\/algalia.com\/es\/wp-json\/wp\/v2\/tags?post=15462"}],"curies":[{"name":"wp","href":"https:\/\/api.w.org\/{rel}","templated":true}]}}