{"id":15376,"date":"2025-02-19T13:52:36","date_gmt":"2025-02-19T11:52:36","guid":{"rendered":"https:\/\/algalia.com\/?p=15376"},"modified":"2025-05-07T18:16:01","modified_gmt":"2025-05-07T16:16:01","slug":"algalia-desenvolvera-o-proxecto-virada-teal-2025-2027-no-marco-do-programa-efeso-cofinanciado-polo-fondo-social-europeo-fse","status":"publish","type":"post","link":"https:\/\/algalia.com\/es\/algalia-desenvolvera-o-proxecto-virada-teal-2025-2027-no-marco-do-programa-efeso-cofinanciado-polo-fondo-social-europeo-fse\/","title":{"rendered":"Algalia desarrollar\u00e1 el proyecto VIRADA Teal 2025-2027 en el marco del \u201cPrograma EFESO\u201d"},"content":{"rendered":"<p><a href=\"https:\/\/algalia.com\/wp-content\/uploads\/2025\/02\/EFESO.jpg\"><img decoding=\"async\" loading=\"lazy\" class=\" wp-image-15377 alignright\" src=\"https:\/\/algalia.com\/wp-content\/uploads\/2025\/02\/EFESO.jpg\" alt=\"\" width=\"513\" height=\"308\" srcset=\"https:\/\/algalia.com\/wp-content\/uploads\/2025\/02\/EFESO.jpg 700w, https:\/\/algalia.com\/wp-content\/uploads\/2025\/02\/EFESO-300x180.jpg 300w, https:\/\/algalia.com\/wp-content\/uploads\/2025\/02\/EFESO-610x366.jpg 610w\" sizes=\"(max-width: 513px) 100vw, 513px\" \/><\/a>La Junta Directiva de la Confederaci\u00f3n Empresarial Espa\u00f1ola de la Econom\u00eda Social (CEPES), en calidad de Organismo Intermedio del \u201cPrograma EFESO\u201d, cofinanciado por el Fondo Social Europeo (FSE +), aprob\u00f3 el pasado 11 de febrero la Resoluci\u00f3n Final de una nueva convocatoria de Ayudas FSE +, lo que supone un total de veintinueve proyectos en diez comunidades aut\u00f3nomas por valor de 8.369.522,51 de euros.<\/p>\n<p>Algalia ha sido una de las entidades beneficiarias para desarrollar el proyecto VIRADA Teal entre enero de 2025 y diciembre de 2027.<\/p>\n<p>VIRADA Teal est\u00e1 dirigido a empresas de econom\u00eda social de Galicia como principales beneficiarios y busca facilitar la evoluci\u00f3n de estas entidades hacia modelos organizacionales donde las personas se sientan m\u00e1s c\u00f3modas, participen activamente en el prop\u00f3sito de la empresa y desarrollen formas m\u00e1s horizontales de organizarse.<\/p>\n<p>Basado en la Teor\u00eda U de Otto Scharmer y en el modelo de organizaciones \u00abteal\u00bb de Frederick Laloux, propone un cambio cultural basado en la autogesti\u00f3n, la plenitud personal y un prop\u00f3sito evolutivo en cuatro fases:<\/p>\n<ol>\n<li><strong>Nos vemos:<\/strong> Se realiza un diagn\u00f3stico de la cultura organizativa de la empresa y se elabora un plan de empresa para el desarrollo TEAL&#8230;.<\/li>\n<li><strong>Nos capacitamos:<\/strong> Las personas de las empresas participantes reciben formaci\u00f3n en liderazgo para la transformaci\u00f3n cultural TEAL y como agentes de cambio TEAL.<\/li>\n<li><strong>Nos ocupamos:<\/strong> Se implementan las medidas del plan de empresa, con acompa\u00f1amiento de profesionales en gesti\u00f3n del cambio.<\/li>\n<li><strong>Nos conectamos:<\/strong> Se establecen alianzas con otras empresas y agentes, tanto p\u00fablicos como privados, para favorecer la intercooperaci\u00f3n.<\/li>\n<\/ol>\n<p>El proyecto ofrece servicios de asistencia t\u00e9cnica, capacitaci\u00f3n y acompa\u00f1amiento para la implementaci\u00f3n de mejoras organizativas a trav\u00e9s de metodolog\u00edas como Holacracia, Sociocracia, Gesti\u00f3n \u00c1gil, Dragon Dreaming, Design Thinking y Comunidades de Pr\u00e1ctica.<\/p>\n<p>La realizaci\u00f3n de talleres, sesiones de acompa\u00f1amiento, coaching y mentor\u00eda facilitar\u00e1n el proceso de cambio, adem\u00e1s de generar un impacto positivo en las comunidades locales, especialmente en el \u00e1mbito rural gallego, a trav\u00e9s de la conexi\u00f3n en red entre las empresas de ES y otros actores.<\/p>\n<p>En definitiva, el proyecto VIRADA Teal busca transformar a las empresas de econom\u00eda social en Galicia, haci\u00e9ndolas m\u00e1s sostenibles, competitivas e innovadoras mediante un enfoque en las personas y la colaboraci\u00f3n.<\/p>\n<p>Esta reciente resoluci\u00f3n, que permitir\u00e1 a Algalia desarrollar VIRADA Teal, responde a la cuarta de las convocatorias de ayudas FSE+ en el marco del Programa de Empleo, Educaci\u00f3n, Formaci\u00f3n y Econom\u00eda Social, EFESO, publicada el pasado 24 de julio de 2024 por CEPES como Organismo Intermedio. La finalidad era seleccionar, en r\u00e9gimen de concurrencia competitiva, proyectos que tuvieran como fin apoyar el crecimiento, fortalecimiento y consolidaci\u00f3n de entidades y empresas de Econom\u00eda Social, especialmente, cooperativas, sociedades laborales, cofrad\u00edas de pescadores o mutualidades de previsi\u00f3n social.<\/p>\n<p>&nbsp;<\/p>","protected":false},"excerpt":{"rendered":"<p>La Junta Directiva de la Confederaci\u00f3n Empresarial Espa\u00f1ola de la Econom\u00eda Social (CEPES), en calidad de Organismo Intermedio del \u201cPrograma EFESO\u201d, cofinanciado por el Fondo Social Europeo (FSE +), aprob\u00f3 el pasado 11 de febrero la Resoluci\u00f3n Final de una nueva convocatoria de Ayudas FSE +, lo que supone un total de veintinueve proyectos en [&hellip;]<\/p>\n","protected":false},"author":3,"featured_media":15377,"comment_status":"closed","ping_status":"closed","sticky":false,"template":"","format":"standard","meta":[],"categories":[12,53],"tags":[31,49,26,39],"_links":{"self":[{"href":"https:\/\/algalia.com\/es\/wp-json\/wp\/v2\/posts\/15376"}],"collection":[{"href":"https:\/\/algalia.com\/es\/wp-json\/wp\/v2\/posts"}],"about":[{"href":"https:\/\/algalia.com\/es\/wp-json\/wp\/v2\/types\/post"}],"author":[{"embeddable":true,"href":"https:\/\/algalia.com\/es\/wp-json\/wp\/v2\/users\/3"}],"replies":[{"embeddable":true,"href":"https:\/\/algalia.com\/es\/wp-json\/wp\/v2\/comments?post=15376"}],"version-history":[{"count":5,"href":"https:\/\/algalia.com\/es\/wp-json\/wp\/v2\/posts\/15376\/revisions"}],"predecessor-version":[{"id":15403,"href":"https:\/\/algalia.com\/es\/wp-json\/wp\/v2\/posts\/15376\/revisions\/15403"}],"wp:featuredmedia":[{"embeddable":true,"href":"https:\/\/algalia.com\/es\/wp-json\/wp\/v2\/media\/15377"}],"wp:attachment":[{"href":"https:\/\/algalia.com\/es\/wp-json\/wp\/v2\/media?parent=15376"}],"wp:term":[{"taxonomy":"category","embeddable":true,"href":"https:\/\/algalia.com\/es\/wp-json\/wp\/v2\/categories?post=15376"},{"taxonomy":"post_tag","embeddable":true,"href":"https:\/\/algalia.com\/es\/wp-json\/wp\/v2\/tags?post=15376"}],"curies":[{"name":"wp","href":"https:\/\/api.w.org\/{rel}","templated":true}]}}