{"id":15146,"date":"2024-09-30T08:53:22","date_gmt":"2024-09-30T06:53:22","guid":{"rendered":"https:\/\/algalia.com\/?p=15146"},"modified":"2024-09-30T08:53:22","modified_gmt":"2024-09-30T06:53:22","slug":"valencia-celebra-o-congreso-nacional-sobre-fomento-da-economia-social","status":"publish","type":"post","link":"https:\/\/algalia.com\/es\/valencia-celebra-o-congreso-nacional-sobre-fomento-da-economia-social\/","title":{"rendered":"Valencia celebra el Congreso Nacional sobre Fomento de la Econom\u00eda Social"},"content":{"rendered":"<p><a href=\"https:\/\/algalia.com\/wp-content\/uploads\/2024\/09\/Congreso_CIRIEC2024.jpg\"><img decoding=\"async\" loading=\"lazy\" class=\" wp-image-15147 alignright\" src=\"https:\/\/algalia.com\/wp-content\/uploads\/2024\/09\/Congreso_CIRIEC2024-300x169.jpg\" alt=\"congreso Ciriec 2024\" width=\"336\" height=\"189\" srcset=\"https:\/\/algalia.com\/wp-content\/uploads\/2024\/09\/Congreso_CIRIEC2024-300x169.jpg 300w, https:\/\/algalia.com\/wp-content\/uploads\/2024\/09\/Congreso_CIRIEC2024.jpg 369w\" sizes=\"(max-width: 336px) 100vw, 336px\" \/><\/a>Valencia, Capital Espa\u00f1ola de la Econom\u00eda Social 2024, acogi\u00f3 los d\u00edas 26 y 27 de septiembre el \u2018Congreso Nacional sobre Fomento de la Econom\u00eda Social. Instrumentos Fiscales y de Pol\u00edticas P\u00fablicas\u2019, evento en el que participaron m\u00e1s de doscientas personas, entre investigadores universitarios, altos cargos y t\u00e9cnicos de las administraciones p\u00fablicas y representantes del sector cooperativo y de la econom\u00eda social.<\/p>\n<p>Este congreso extraordinario, programado en el contexto de dicha capitalidad, tuvo como tema general \u201cLa administraci\u00f3n p\u00fablica y la econom\u00eda social: aliados para una prosperidad inclusiva\u201d y estuvo organizado por CIRIEC-Espa\u00f1a, centro de referencia en la investigaci\u00f3n e informaci\u00f3n sobre la econom\u00eda social y cooperativa con sede en la Facultat d\u2019Economia UV, junto al Instituto Universitario de Investigaci\u00f3n en Econom\u00eda Social, Cooperativismo y Emprendimiento (IUDESCOOP) de la Universitat de Val\u00e8ncia (UV), y el Centro en Gesti\u00f3n de Empresas (CEGEA) de la Universitat Polit\u00e8cnica de Val\u00e8ncia (UPV).<\/p>\n<p>Tras la sesi\u00f3n inaugural se impartieron dos conferencias sobre la pol\u00edtica de fomento de la econom\u00eda social, una a cargo de Juan Antonio Pedre\u00f1o, presidente de la patronal espa\u00f1ola de la econom\u00eda social (CEPES) y europea (Social Economy Europe), y otra a cargo de Aicha Belassir, directora general de Econom\u00eda Social y RSE (Ministerio de Trabajo y Econom\u00eda Social), seguidas de una sesi\u00f3n plenaria sobre <em>\u2018Fiscalidad y pol\u00edticas p\u00fablicas de Impulso de la econom\u00eda social\u2019<\/em>.<\/p>\n<p>En la tarde del d\u00eda 26 y la ma\u00f1ana del d\u00eda 27 se desarrollaron cuatro mesas redondas con personas expertas, una sobre \u2018Pol\u00edticas p\u00fablicas auton\u00f3micas y locales de impulso de la econom\u00eda social\u2019, otras dos sobre \u2018<em>Fiscalidad de la econom\u00eda social de mercado as\u00ed como de no mercado\u2019<\/em>, y una \u00faltima sobre \u2018<em>Innovaciones en pol\u00edticas p\u00fablicas de econom\u00eda social\u2019<\/em>.<\/p>\n<p><strong>Participaci\u00f3n del gobierno gallego<\/strong><\/p>\n<p>En este bloque particip\u00f3 la directora xeral de Traballo Aut\u00f3nomo e Econom\u00eda Social, Marta Mari\u00f1o, para presentar la <em>2\u00aa Estrategia gallega de la econom\u00eda social Horizonte 2027<\/em>, con la que el Gobierno gallego persigue posicionar esta f\u00f3rmula empresarial en los sectores verde, sostenible, industrial, tecnol\u00f3gico y digital, as\u00ed como generar 4.000 empleos y crear 400 nuevas entidades. Seg\u00fan Mari\u00f1o, se busca incidir en mejorar las competencias de las personas y entidades que desarrollan su actividad en el cooperativismo y en el resto de los modelos de la econom\u00eda social. Entre las medidas concretas a desarrollar, indic\u00f3 que se pondr\u00e1 en marcha una red de aceleradoras -a trav\u00e9s de los Polos de emprendimiento- que permita atraer ideas e inversiones a la econom\u00eda social gallega e implantar programas para identificar oportunidades de negocio. Tambi\u00e9n se prev\u00e9 crear un campus formativo para la capacitaci\u00f3n de agentes intermedios y personal de gestor\u00eda.<\/p>\n<p>En un total de doce talleres paralelos celebrados, se presentaron 63 trabajos de investigaci\u00f3n por m\u00e1s de 150 acad\u00e9micos de 32 universidades, 27 espa\u00f1olas y 5 extranjeras.<\/p>\n<p>Este evento constituy\u00f3 una excelente plataforma para investigadores, profesionales y entidades interesadas en las nuevas formas de colaboraci\u00f3n p\u00fablico-privada, y en c\u00f3mo la econom\u00eda social puede integrarse mejor en las pol\u00edticas p\u00fablicas para un futuro m\u00e1s equitativo y sostenible.<\/p>","protected":false},"excerpt":{"rendered":"<p>Valencia, Capital Espa\u00f1ola de la Econom\u00eda Social 2024, acogi\u00f3 los d\u00edas 26 y 27 de septiembre el \u2018Congreso Nacional sobre Fomento de la Econom\u00eda Social. Instrumentos Fiscales y de Pol\u00edticas P\u00fablicas\u2019, evento en el que participaron m\u00e1s de doscientas personas, entre investigadores universitarios, altos cargos y t\u00e9cnicos de las administraciones p\u00fablicas y representantes del sector [&hellip;]<\/p>\n","protected":false},"author":3,"featured_media":15147,"comment_status":"closed","ping_status":"closed","sticky":false,"template":"","format":"standard","meta":[],"categories":[48],"tags":[],"_links":{"self":[{"href":"https:\/\/algalia.com\/es\/wp-json\/wp\/v2\/posts\/15146"}],"collection":[{"href":"https:\/\/algalia.com\/es\/wp-json\/wp\/v2\/posts"}],"about":[{"href":"https:\/\/algalia.com\/es\/wp-json\/wp\/v2\/types\/post"}],"author":[{"embeddable":true,"href":"https:\/\/algalia.com\/es\/wp-json\/wp\/v2\/users\/3"}],"replies":[{"embeddable":true,"href":"https:\/\/algalia.com\/es\/wp-json\/wp\/v2\/comments?post=15146"}],"version-history":[{"count":1,"href":"https:\/\/algalia.com\/es\/wp-json\/wp\/v2\/posts\/15146\/revisions"}],"predecessor-version":[{"id":15148,"href":"https:\/\/algalia.com\/es\/wp-json\/wp\/v2\/posts\/15146\/revisions\/15148"}],"wp:featuredmedia":[{"embeddable":true,"href":"https:\/\/algalia.com\/es\/wp-json\/wp\/v2\/media\/15147"}],"wp:attachment":[{"href":"https:\/\/algalia.com\/es\/wp-json\/wp\/v2\/media?parent=15146"}],"wp:term":[{"taxonomy":"category","embeddable":true,"href":"https:\/\/algalia.com\/es\/wp-json\/wp\/v2\/categories?post=15146"},{"taxonomy":"post_tag","embeddable":true,"href":"https:\/\/algalia.com\/es\/wp-json\/wp\/v2\/tags?post=15146"}],"curies":[{"name":"wp","href":"https:\/\/api.w.org\/{rel}","templated":true}]}}