{"id":14127,"date":"2023-10-27T11:48:43","date_gmt":"2023-10-27T09:48:43","guid":{"rendered":"https:\/\/algalia.com\/?p=14127"},"modified":"2023-10-27T11:59:22","modified_gmt":"2023-10-27T09:59:22","slug":"algalia-participa-na-homenaxe-a-antonio-fuentetaja-director-xerente-de-fademga","status":"publish","type":"post","link":"https:\/\/algalia.com\/es\/algalia-participa-na-homenaxe-a-antonio-fuentetaja-director-xerente-de-fademga\/","title":{"rendered":"Algalia participa en el homenaje a Antonio Fuentetaja, director-gerente de Fademga"},"content":{"rendered":"<p><img decoding=\"async\" loading=\"lazy\" class=\"wp-image-14128 alignright\" src=\"https:\/\/algalia.com\/wp-content\/uploads\/2023\/10\/fademgaOK_2-300x185.jpg\" alt=\"\" width=\"400\" height=\"246\" srcset=\"https:\/\/algalia.com\/wp-content\/uploads\/2023\/10\/fademgaOK_2-300x185.jpg 300w, https:\/\/algalia.com\/wp-content\/uploads\/2023\/10\/fademgaOK_2-768x472.jpg 768w, https:\/\/algalia.com\/wp-content\/uploads\/2023\/10\/fademgaOK_2-610x375.jpg 610w, https:\/\/algalia.com\/wp-content\/uploads\/2023\/10\/fademgaOK_2.jpg 907w\" sizes=\"(max-width: 400px) 100vw, 400px\" \/><\/p>\n<p>El pasado 30 de septiembre, el responsable de personal y asesor laboral de Algalia, Rafael Carrasco, asisti\u00f3, junto a la compa\u00f1era del Servicio Laboral, Isaura Vilas, al homenaje dedicado a Antonio Fuentetaja Cervelo, director-gerente de Fademga-Plena Inclusi\u00f3n Galicia,\u00a0por motivo de su jubilaci\u00f3n.<\/p>\n<p>El hotel Los Abetos fue el escenario escogido para el reconocimiento, ante sus compa\u00f1eros, amigos y familiares, a su dedicaci\u00f3n y trabajo en favor de los colectivos de personas con discapacidad integrados en la federaci\u00f3n.<\/p>\n<p>Al evento asistieron tambi\u00e9n varios representantes del panorama pol\u00edtico gallego, entre ellos la alcaldesa de Santiago de Compostela, Goretti Sanmart\u00edn, el portavoz socialista en Raxoi,\u00a0Gonzalo Mu\u00ed\u00f1os, o la directora xeral de Persoas con Discapacidade de la Xunta de Galicia, Bego\u00f1a Abeij\u00f3n, quen destac\u00f3 el esfuerzo de Antonio Fuentetaja por \u201cdar visibilidade e concienciar ao conxunto da sociedade sobre a necesidade de seguir avanzando na integraci\u00f3n destas persoas en todos os \u00e1mbitos\u201d.<\/p>\n<p>Todo el equipo de Algalia se suma\u00a0 a este reconocimiento de la trayectoria personal y profesional de Antonio Fuentetaja tras 28 a\u00f1os de colaboraci\u00f3n.<\/p>","protected":false},"excerpt":{"rendered":"<p>El pasado 30 de septiembre, el responsable de personal y asesor laboral de Algalia, Rafael Carrasco, asisti\u00f3, junto a la compa\u00f1era del Servicio Laboral, Isaura Vilas, al homenaje dedicado a Antonio Fuentetaja Cervelo, director-gerente de Fademga-Plena Inclusi\u00f3n Galicia,\u00a0por motivo de su jubilaci\u00f3n. El hotel Los Abetos fue el escenario escogido para el reconocimiento, ante sus [&hellip;]<\/p>\n","protected":false},"author":3,"featured_media":14129,"comment_status":"closed","ping_status":"closed","sticky":false,"template":"","format":"standard","meta":[],"categories":[11,48],"tags":[],"_links":{"self":[{"href":"https:\/\/algalia.com\/es\/wp-json\/wp\/v2\/posts\/14127"}],"collection":[{"href":"https:\/\/algalia.com\/es\/wp-json\/wp\/v2\/posts"}],"about":[{"href":"https:\/\/algalia.com\/es\/wp-json\/wp\/v2\/types\/post"}],"author":[{"embeddable":true,"href":"https:\/\/algalia.com\/es\/wp-json\/wp\/v2\/users\/3"}],"replies":[{"embeddable":true,"href":"https:\/\/algalia.com\/es\/wp-json\/wp\/v2\/comments?post=14127"}],"version-history":[{"count":2,"href":"https:\/\/algalia.com\/es\/wp-json\/wp\/v2\/posts\/14127\/revisions"}],"predecessor-version":[{"id":14131,"href":"https:\/\/algalia.com\/es\/wp-json\/wp\/v2\/posts\/14127\/revisions\/14131"}],"wp:featuredmedia":[{"embeddable":true,"href":"https:\/\/algalia.com\/es\/wp-json\/wp\/v2\/media\/14129"}],"wp:attachment":[{"href":"https:\/\/algalia.com\/es\/wp-json\/wp\/v2\/media?parent=14127"}],"wp:term":[{"taxonomy":"category","embeddable":true,"href":"https:\/\/algalia.com\/es\/wp-json\/wp\/v2\/categories?post=14127"},{"taxonomy":"post_tag","embeddable":true,"href":"https:\/\/algalia.com\/es\/wp-json\/wp\/v2\/tags?post=14127"}],"curies":[{"name":"wp","href":"https:\/\/api.w.org\/{rel}","templated":true}]}}