{"id":14103,"date":"2023-10-16T16:28:41","date_gmt":"2023-10-16T14:28:41","guid":{"rendered":"https:\/\/algalia.com\/?p=14103"},"modified":"2023-10-24T10:18:41","modified_gmt":"2023-10-24T08:18:41","slug":"san-sebastian-acollera-en-novembro-a-conferencia-europea-de-economia-social-2023","status":"publish","type":"post","link":"https:\/\/algalia.com\/es\/san-sebastian-acollera-en-novembro-a-conferencia-europea-de-economia-social-2023\/","title":{"rendered":"San Sebasti\u00e1n acoger\u00e1 en noviembre la Conferencia Europea de Econom\u00eda Social 2023"},"content":{"rendered":"<p><img decoding=\"async\" loading=\"lazy\" class=\"alignleft wp-image-14104\" src=\"https:\/\/algalia.com\/wp-content\/uploads\/2023\/10\/Cumbre_SanSeb2023-300x180.jpg\" alt=\"\" width=\"351\" height=\"211\" srcset=\"https:\/\/algalia.com\/wp-content\/uploads\/2023\/10\/Cumbre_SanSeb2023-300x180.jpg 300w, https:\/\/algalia.com\/wp-content\/uploads\/2023\/10\/Cumbre_SanSeb2023.jpg 369w\" sizes=\"(max-width: 351px) 100vw, 351px\" \/><\/p>\n<p>La \u2018<a href=\"http:\/\/socialeconomyconferencedonostia2023.es\/es\/\" target=\"_blank\" rel=\"noopener\">Conferencia Europea de Econom\u00eda Social: Personas, Planeta, Acci\u00f3n<\/a>\u2019, reunir\u00e1 en Donostia, los pr\u00f3ximos d\u00edas 13 y 14 de noviembre a gobiernos, instituciones europeas, la OCDE, la OIT, CIRIEC y l\u00edderes empresariales de la Econom\u00eda Social. Este encuentro, organizado por el Ministerio de Trabajo y Econom\u00eda Social en el marco de la Presidencia Espa\u00f1ola del Consejo de la Uni\u00f3n Europea, tiene como objetivo poner en valor y visibilizar el peso socioecon\u00f3mico de este modelo empresarial en todo el mundo y especialmente en Espa\u00f1a, pa\u00eds referente internacional en Econom\u00eda Social.<\/p>\n<p>El programa del evento recoge un acto inaugural de alto nivel pol\u00edtico en el Palacio de Congresos Kursaal de Donostia -Capital Espa\u00f1ola de la Econom\u00eda Social 2023- con la sesi\u00f3n plenaria \u2018Plan de Acci\u00f3n Europeo y Resoluci\u00f3n de Naciones Unidas: herramientas para hacer avanzar la Econom\u00eda Social\u2019. Estar\u00e1 moderada por el Comisionado especial para la Econom\u00eda Social, V\u00edctor Meseguer, y en ella intervendr\u00e1n personalidades como el Comisario Europeo de Empleo y Derechos Sociales, Nicolas Schmit; la presidenta de EGES y de la Confederaci\u00f3n de Cooperativas de Euskadi-KONFEKOOP, Rosa Lav\u00edn y la subdirectora general de Empleo y Protecci\u00f3n Social (OIT), Mia Seppo, entre otras personalidades.<\/p>\n<p>De forma simult\u00e1nea, tendr\u00e1n lugar cinco talleres que tratar\u00e1n la econom\u00eda social desde diferentes perspectivas: la transformaci\u00f3n para el futuro de la econom\u00eda social; la transici\u00f3n verde y digital; la innovaci\u00f3n, financiaci\u00f3n y el acceso a los mercados; la juventud; y la visibilidad y comunicaci\u00f3n.<\/p>\n<p>En la misma jornada se realizar\u00e1n visitas a diferentes empresas y entidades de econom\u00eda social vasca, como el Basque Culinary Center (BCC) o GUREAK &#8211; modelo empresarial de inclusi\u00f3n referente en Europa, y se celebrar\u00e1n los Premios DENON ARTEAN, del cooperativismo vasco, organizados por el Consejo Superior de Cooperativas de Euskadi, que se otorgan cada dos a\u00f1os reconociendo la labor de personas e instituciones en favor del modelo de empresa cooperativo. En esta tercera edici\u00f3n, el reconocimiento del cooperativismo vasco ser\u00e1 para la Comisi\u00f3n Europea.<\/p>\n<p>Al d\u00eda siguiente, el 14 de noviembre, tras las intervenciones, entre otros, del presidente de SEE y de CEPES, Juan Antonio Pedre\u00f1o, junto con el secretario de Estado de Empleo, Joaqu\u00edn Perez Rey, la Cumbre finalizar\u00e1 con la \u2018Declaraci\u00f3n de San Sebasti\u00e1n\u2019, que ser\u00e1 presentada en el Acto de Clausura, y que contar\u00e1 con la participaci\u00f3n de la vicepresidenta segunda del Gobierno de Espa\u00f1a y ministra de Trabajo y Econom\u00eda Social, Yolanda Diaz.<\/p>\n<p>En esta segunda jornada se celebrar\u00e1 tambi\u00e9n la segunda edici\u00f3n de los &#8216;Social Academy Awards&#8217;, premios que se conceden con car\u00e1cter bienal por Social Economy Europe para reconocer experiencias empresariales innovadoras a nivel tecnol\u00f3gico, social y medioambiental.<\/p>\n<p>Puedes conocer los detalles de este encuentro en la <a href=\"http:\/\/socialeconomyconferencedonostia2023.es\/es\/\">Web de la Conferencia Europea de Econom\u00eda Social 2023 &#8211; San Sebasti\u00e1n<\/a><\/p>","protected":false},"excerpt":{"rendered":"<p>La \u2018Conferencia Europea de Econom\u00eda Social: Personas, Planeta, Acci\u00f3n\u2019, reunir\u00e1 en Donostia, los pr\u00f3ximos d\u00edas 13 y 14 de noviembre a gobiernos, instituciones europeas, la OCDE, la OIT, CIRIEC y l\u00edderes empresariales de la Econom\u00eda Social. Este encuentro, organizado por el Ministerio de Trabajo y Econom\u00eda Social en el marco de la Presidencia Espa\u00f1ola del [&hellip;]<\/p>\n","protected":false},"author":3,"featured_media":14104,"comment_status":"closed","ping_status":"closed","sticky":false,"template":"","format":"standard","meta":[],"categories":[48],"tags":[],"_links":{"self":[{"href":"https:\/\/algalia.com\/es\/wp-json\/wp\/v2\/posts\/14103"}],"collection":[{"href":"https:\/\/algalia.com\/es\/wp-json\/wp\/v2\/posts"}],"about":[{"href":"https:\/\/algalia.com\/es\/wp-json\/wp\/v2\/types\/post"}],"author":[{"embeddable":true,"href":"https:\/\/algalia.com\/es\/wp-json\/wp\/v2\/users\/3"}],"replies":[{"embeddable":true,"href":"https:\/\/algalia.com\/es\/wp-json\/wp\/v2\/comments?post=14103"}],"version-history":[{"count":5,"href":"https:\/\/algalia.com\/es\/wp-json\/wp\/v2\/posts\/14103\/revisions"}],"predecessor-version":[{"id":14109,"href":"https:\/\/algalia.com\/es\/wp-json\/wp\/v2\/posts\/14103\/revisions\/14109"}],"wp:featuredmedia":[{"embeddable":true,"href":"https:\/\/algalia.com\/es\/wp-json\/wp\/v2\/media\/14104"}],"wp:attachment":[{"href":"https:\/\/algalia.com\/es\/wp-json\/wp\/v2\/media?parent=14103"}],"wp:term":[{"taxonomy":"category","embeddable":true,"href":"https:\/\/algalia.com\/es\/wp-json\/wp\/v2\/categories?post=14103"},{"taxonomy":"post_tag","embeddable":true,"href":"https:\/\/algalia.com\/es\/wp-json\/wp\/v2\/tags?post=14103"}],"curies":[{"name":"wp","href":"https:\/\/api.w.org\/{rel}","templated":true}]}}