{"id":14019,"date":"2023-09-25T09:24:34","date_gmt":"2023-09-25T07:24:34","guid":{"rendered":"https:\/\/algalia.com\/?p=14019"},"modified":"2023-11-16T17:55:47","modified_gmt":"2023-11-16T15:55:47","slug":"abrese-o-prazo-para-inscribirse-no-programa-virada-2024","status":"publish","type":"post","link":"https:\/\/algalia.com\/es\/abrese-o-prazo-para-inscribirse-no-programa-virada-2024\/","title":{"rendered":"Se abre el plazo para inscribirse al Programa VIRADA 2024"},"content":{"rendered":"<p><img decoding=\"async\" loading=\"lazy\" class=\"alignright wp-image-14020\" src=\"https:\/\/algalia.com\/wp-content\/uploads\/2023\/09\/1-300x184.jpg\" alt=\"\" width=\"451\" height=\"277\" srcset=\"https:\/\/algalia.com\/wp-content\/uploads\/2023\/09\/1-300x184.jpg 300w, https:\/\/algalia.com\/wp-content\/uploads\/2023\/09\/1-1024x629.jpg 1024w, https:\/\/algalia.com\/wp-content\/uploads\/2023\/09\/1-768x472.jpg 768w, https:\/\/algalia.com\/wp-content\/uploads\/2023\/09\/1-1536x944.jpg 1536w, https:\/\/algalia.com\/wp-content\/uploads\/2023\/09\/1-2048x1258.jpg 2048w, https:\/\/algalia.com\/wp-content\/uploads\/2023\/09\/1-610x375.jpg 610w\" sizes=\"(max-width: 451px) 100vw, 451px\" \/>El 25 de septiembre se abre el plazo de inscripci\u00f3n para unirse a la VII Edici\u00f3n de VIRADA Equipos, y a la VIII Edici\u00f3n de Virada Liderazgo, en 2024.<\/p>\n<p>El programa VIRADA se ha consolidado como la propuesta formativa de calidad para entidades de econom\u00eda social y del tercer sector que quieren desarrollar el liderazgo positivo y la mejora del rendimiento de sus personas y equipos.<\/p>\n<p>Recordamos las caracter\u00edsticas de cada especialidad <strong>VIRADA para conocer al detalle cu\u00e1l es la m\u00e1s adecuada para ti o tu equipo.<\/strong><\/p>\n<p>El\u00a0<strong>prop\u00f3sito\u00a0<\/strong>de\u00a0VIRADA LIDERAZGO es contribuir a que personas con responsabilidades directivas o de coordinaci\u00f3n de equipos, responsabilidades en ejercicio o futuras, adquieran competencias estrat\u00e9gicas, interpersonales y personales que las capaciten para el desarrollo de un liderazgo m\u00e1s efectivo.<\/p>\n<p>En la\u00a0<strong>VIII Edici\u00f3n<\/strong>, ALGALIA contar\u00e1, un a\u00f1o m\u00e1s, al igual que en Virada Equipos, con la colaboraci\u00f3n de la\u00a0<a href=\"https:\/\/edefundazioa.org\/\" target=\"_blank\" rel=\"noopener\">Fundaci\u00f3n EDE,<\/a>\u00a0y la contribuci\u00f3n de\u00a0<a href=\"https:\/\/www.caldaria.es\/arnoia\/\" target=\"_blank\" rel=\"noopener\">Caldaria Arnoia<\/a>\u00a0y la\u00a0<a href=\"https:\/\/www.cidadedacultura.gal\/es\/portada\" target=\"_blank\" rel=\"noopener\">Cidade da Cultura de Galic<\/a>ia para el desarrollo de las actividades.<\/p>\n<p>La participaci\u00f3n est\u00e1 abierta a solamente 25 personas, y el\u00a0<strong>plazo de inscripci\u00f3n\u00a0termina el 16 de febrero de 2024.<\/strong><\/p>\n<p>Consulte\u00a0<strong>toda la informaci\u00f3n detallada\u00a0<\/strong><a href=\"https:\/\/algalia.com\/es\/programa-virada\/virada-liderado\/\" target=\"_blank\" rel=\"noopener\"><strong>AQU\u00cd<\/strong><\/a><strong>\u00a0.<\/strong><\/p>\n<p>VIRADA EQUIPOS naci\u00f3 con el fin de que equipos naturales de organizaciones de la econom\u00eda social y empresas desarrollen competencias de liderazgo compartido y se desempe\u00f1en con mayor efectividad.<\/p>\n<p>Est\u00e1 abierto a equipos de direcci\u00f3n de una entidad, equipos t\u00e9cnicos, equipos de proyecto, equipos de centro o servicio, una junta directiva de una asociaci\u00f3n, el patronato de una fundaci\u00f3n, un consejo rector de una cooperativa, un equipo de innovaci\u00f3n de una organizaci\u00f3n, etc\u2026<\/p>\n<p>Recuerda\u00a0<strong>inscribir a\u00a0tu equipo\u00a0antes del 16 de febrero de 2024<\/strong>\u00a0contactando con el responsable del programa, David Pereiro, en el correo\u00a0<a href=\"mailto:david.pereiro@algalia.com\">david.pereiro@algalia.com<\/a>\u00a0o en el tel\u00e9fono 687 87 94 14<\/p>\n<p>Puedes consultar\u00a0<strong>toda la informaci\u00f3n detallada\u00a0<\/strong><a href=\"https:\/\/algalia.com\/es\/programa-virada\/virada-equipos\/\" target=\"_blank\" rel=\"noopener\"><strong>AQU\u00cd<\/strong><\/a><strong>.<\/strong><\/p>","protected":false},"excerpt":{"rendered":"<p>El 25 de septiembre se abre el plazo de inscripci\u00f3n para unirse a la VII Edici\u00f3n de VIRADA Equipos, y a la VIII Edici\u00f3n de Virada Liderazgo, en 2024. El programa VIRADA se ha consolidado como la propuesta formativa de calidad para entidades de econom\u00eda social y del tercer sector que quieren desarrollar el liderazgo [&hellip;]<\/p>\n","protected":false},"author":3,"featured_media":14020,"comment_status":"closed","ping_status":"closed","sticky":false,"template":"","format":"standard","meta":[],"categories":[12,48],"tags":[],"_links":{"self":[{"href":"https:\/\/algalia.com\/es\/wp-json\/wp\/v2\/posts\/14019"}],"collection":[{"href":"https:\/\/algalia.com\/es\/wp-json\/wp\/v2\/posts"}],"about":[{"href":"https:\/\/algalia.com\/es\/wp-json\/wp\/v2\/types\/post"}],"author":[{"embeddable":true,"href":"https:\/\/algalia.com\/es\/wp-json\/wp\/v2\/users\/3"}],"replies":[{"embeddable":true,"href":"https:\/\/algalia.com\/es\/wp-json\/wp\/v2\/comments?post=14019"}],"version-history":[{"count":5,"href":"https:\/\/algalia.com\/es\/wp-json\/wp\/v2\/posts\/14019\/revisions"}],"predecessor-version":[{"id":14252,"href":"https:\/\/algalia.com\/es\/wp-json\/wp\/v2\/posts\/14019\/revisions\/14252"}],"wp:featuredmedia":[{"embeddable":true,"href":"https:\/\/algalia.com\/es\/wp-json\/wp\/v2\/media\/14020"}],"wp:attachment":[{"href":"https:\/\/algalia.com\/es\/wp-json\/wp\/v2\/media?parent=14019"}],"wp:term":[{"taxonomy":"category","embeddable":true,"href":"https:\/\/algalia.com\/es\/wp-json\/wp\/v2\/categories?post=14019"},{"taxonomy":"post_tag","embeddable":true,"href":"https:\/\/algalia.com\/es\/wp-json\/wp\/v2\/tags?post=14019"}],"curies":[{"name":"wp","href":"https:\/\/api.w.org\/{rel}","templated":true}]}}