{"id":13703,"date":"2023-06-14T10:48:23","date_gmt":"2023-06-14T08:48:23","guid":{"rendered":"https:\/\/algalia.com\/?p=13703"},"modified":"2023-06-21T10:29:06","modified_gmt":"2023-06-21T08:29:06","slug":"a-segunda-convocatoria-do-perte-de-economia-social-traera-1-766-millons-de-euros-en-setembro-para-o-sector","status":"publish","type":"post","link":"https:\/\/algalia.com\/es\/a-segunda-convocatoria-do-perte-de-economia-social-traera-1-766-millons-de-euros-en-setembro-para-o-sector\/","title":{"rendered":"La segunda convocatoria del PERTE de Econom\u00eda Social traer\u00e1 1.766 millones de euros en septiembre para el sector"},"content":{"rendered":"<p><img decoding=\"async\" loading=\"lazy\" class=\"wp-image-13704 alignright\" src=\"https:\/\/algalia.com\/wp-content\/uploads\/2023\/06\/ES_1-300x184.jpg\" alt=\"\" width=\"451\" height=\"277\" srcset=\"https:\/\/algalia.com\/wp-content\/uploads\/2023\/06\/ES_1-300x184.jpg 300w, https:\/\/algalia.com\/wp-content\/uploads\/2023\/06\/ES_1-1024x629.jpg 1024w, https:\/\/algalia.com\/wp-content\/uploads\/2023\/06\/ES_1-768x472.jpg 768w, https:\/\/algalia.com\/wp-content\/uploads\/2023\/06\/ES_1-610x375.jpg 610w, https:\/\/algalia.com\/wp-content\/uploads\/2023\/06\/ES_1.jpg 1245w\" sizes=\"(max-width: 451px) 100vw, 451px\" \/><\/p>\n<p>El comisionado especial de Espa\u00f1a para la Econom\u00eda Social, V\u00edctor Meseguer, anunci\u00f3, en la quinta edici\u00f3n de la Asamblea de la Econom\u00eda Social organizada por el Foro pola Econom\u00eda Social Galega FOROESGAL, la segunda convocatoria del\u00a0Perte de Econom\u00eda Social, que\u00a0saldr\u00e1 en septiembre y contar\u00e1 con\u00a01.766 millones de euros. Meseguer\u00a0detall\u00f3 que la convocatoria est\u00e1 concebida para apoyar con m\u00e1s fuerza los proyectos liderados por peque\u00f1as y medianas empresas, que podr\u00e1n obtener hasta la mitad de la financiaci\u00f3n necesaria, mientras que las iniciativas de las grandes compa\u00f1\u00edas podr\u00e1n alcanzar hasta el 15% de la inversi\u00f3n necesaria.<\/p>\n<p>FOROESGAL reuni\u00f3 en esta jornada, celebrada en Santiago de Compostela, a casi 200 personas representantes de las cinco familias de este sector que la conforman desde 2018: la Asociaci\u00f3n de Empresas de Inserci\u00f3n de Galicia AEIGA, la Agrupaci\u00f3n Empresarial de Sociedades Laborais de Galicia AESGAL, la Asociaci\u00f3n Galega de Cooperativas Agroalimentarias AGACA, la Asociaci\u00f3n Empresarial Galega de Centros Especiais de Emprego sen \u00c1nimo de Lucro CEGASAL y Espazocoop, Uni\u00f3n de Cooperativas Galegas.<\/p>\n<p>El fin de este plenario fue repasar los \u00faltimos pasos dados en el sector, y las l\u00edneas estrat\u00e9gicas sobre las que afianzar la hoja de ruta y prop\u00f3sitos marcados para los pr\u00f3ximos meses. Celso G\u00e1ndara, presidente de la entidad, hizo menci\u00f3n en su intervenci\u00f3n de dos de estos ejes de acci\u00f3n, que giran, por un lado, en torno a la necesidad de aumentar la visibilidad de la econom\u00eda social gallega y, por otro, sobre su capacidad para influir sobre los agentes sociales y pol\u00edticos con capacidad de decisi\u00f3n.<\/p>\n<p>G\u00e1ndara confirm\u00f3 que el inter\u00e9s de las entidades sectoriales es la de \u201cconstruir un lobby da econom\u00eda social galega\u201d, ya que \u201cse as empresas de Econom\u00eda Social fosen de tipo mercantil, cada ano se perder\u00edan 600 mill\u00f3ns de euros\u201d.<\/p>\n<p>Tanto el presidente del Foro, Celso G\u00e1ndara, como la conselleira de Emprego, Mar\u00eda Jes\u00fas Lorenzana, se comprometieron a no dejar pasar el momento que la econom\u00eda social ha estado esperando y para el que sus empresas se hayan plenamente preparadas, que es su encuentro con la sociedad que les da sentido. Lorenzana record\u00f3 que las empresas de econom\u00eda social representan el 7% del PIB regional y que, para seguir mejorando la competitividad y la productividad de este modelo, aboga por constituir el cl\u00faster de econom\u00eda social, \u201cuna alianza con la que aprovechar sinergias\u201d.<\/p>\n<p>Asimismo, Lorenzana explic\u00f3 que el Gobierno gallego enmarca sus pol\u00edticas de impulso a la econom\u00eda social en tres ejes: la visibilizaci\u00f3n, a trav\u00e9s de la Rede Eusumo o del programa Es-Pr\u00f3xima, con el que se busca definir un sello de identidad para dar a conocer este modelo; el apoyo a la creaci\u00f3n y a la consolidaci\u00f3n de empresas y empleos, a trav\u00e9s de programas de ayudas como son Aprol Econom\u00eda Social, Es Transforma, Es Factory o el Bono Consolida; y la promoci\u00f3n del empleo inclusivo, con apoyos econ\u00f3micos dirigidos a las empresas de inserci\u00f3n laboral y a los centros especiales de empleo.<\/p>\n<p>Hoy, FORESGAL representa a 4.788 entidades, con un volumen de empleo estimado de 24.904 personas y m\u00e1s de 74.120 personas socias, comuneras o mutualistas.<\/p>","protected":false},"excerpt":{"rendered":"<p>El comisionado especial de Espa\u00f1a para la Econom\u00eda Social, V\u00edctor Meseguer, anunci\u00f3, en la quinta edici\u00f3n de la Asamblea de la Econom\u00eda Social organizada por el Foro pola Econom\u00eda Social Galega FOROESGAL, la segunda convocatoria del\u00a0Perte de Econom\u00eda Social, que\u00a0saldr\u00e1 en septiembre y contar\u00e1 con\u00a01.766 millones de euros. Meseguer\u00a0detall\u00f3 que la convocatoria est\u00e1 concebida para [&hellip;]<\/p>\n","protected":false},"author":3,"featured_media":13704,"comment_status":"closed","ping_status":"closed","sticky":false,"template":"","format":"standard","meta":[],"categories":[48],"tags":[31,49],"_links":{"self":[{"href":"https:\/\/algalia.com\/es\/wp-json\/wp\/v2\/posts\/13703"}],"collection":[{"href":"https:\/\/algalia.com\/es\/wp-json\/wp\/v2\/posts"}],"about":[{"href":"https:\/\/algalia.com\/es\/wp-json\/wp\/v2\/types\/post"}],"author":[{"embeddable":true,"href":"https:\/\/algalia.com\/es\/wp-json\/wp\/v2\/users\/3"}],"replies":[{"embeddable":true,"href":"https:\/\/algalia.com\/es\/wp-json\/wp\/v2\/comments?post=13703"}],"version-history":[{"count":5,"href":"https:\/\/algalia.com\/es\/wp-json\/wp\/v2\/posts\/13703\/revisions"}],"predecessor-version":[{"id":13711,"href":"https:\/\/algalia.com\/es\/wp-json\/wp\/v2\/posts\/13703\/revisions\/13711"}],"wp:featuredmedia":[{"embeddable":true,"href":"https:\/\/algalia.com\/es\/wp-json\/wp\/v2\/media\/13704"}],"wp:attachment":[{"href":"https:\/\/algalia.com\/es\/wp-json\/wp\/v2\/media?parent=13703"}],"wp:term":[{"taxonomy":"category","embeddable":true,"href":"https:\/\/algalia.com\/es\/wp-json\/wp\/v2\/categories?post=13703"},{"taxonomy":"post_tag","embeddable":true,"href":"https:\/\/algalia.com\/es\/wp-json\/wp\/v2\/tags?post=13703"}],"curies":[{"name":"wp","href":"https:\/\/api.w.org\/{rel}","templated":true}]}}