{"id":10317,"date":"2021-05-11T11:42:40","date_gmt":"2021-05-11T09:42:40","guid":{"rendered":"https:\/\/algalia.com\/gl\/?p=10317"},"modified":"2021-05-11T12:36:55","modified_gmt":"2021-05-11T10:36:55","slug":"o-ive-cero-na-compra-de-bens-necesarios-para-combater-os-efectos-da-covid-19","status":"publish","type":"post","link":"https:\/\/algalia.com\/es\/o-ive-cero-na-compra-de-bens-necesarios-para-combater-os-efectos-da-covid-19\/","title":{"rendered":"El IVA cero en la compra de bienes necesarios para combatir los efectos de la COVID-19"},"content":{"rendered":"<p><img decoding=\"async\" loading=\"lazy\" class=\"wp-image-10319 alignright\" src=\"https:\/\/algalia.com\/wp-content\/uploads\/2021\/05\/images-1-1.jpg\" alt=\"\" width=\"382\" height=\"262\" \/><\/p>\n<p>Recientemente se ha ampliado la posibilidad de seguir adquiriendo bienes necesarios para combatir los efectos de la Covid-19 a algunas entidades. Esta ampliaci\u00f3n est\u00e1 detallada en la Disposici\u00f3n Adicional Primera del RDL 7\/2021.<\/p>\n<p><strong>\u00bfC\u00f3mo queda?<\/strong><\/p>\n<p>Entre<strong>\u00a0 el 1 de mayo y el 31 de diciembre de 2021 s<\/strong>e aplicar\u00e1 el tipo\u00a0 De <strong>IVA<\/strong> del <strong>0%<\/strong> a\u00a0<strong>cualquier<\/strong> <strong>compra<\/strong> (nacional, intracomunitaria o importaci\u00f3n) de bienes necesarios para combatir los efectos del COVID-19 (que figuren en el <strong>Anexo<\/strong> que acompa\u00f1a al RDL 7\/2021, como por ejemplo <strong>mascarillas<\/strong>, <strong>guantes<\/strong>, <strong>protecciones<\/strong> <strong>faciales<\/strong>, <strong>monos<\/strong>, <strong>etc<\/strong>.).<\/p>\n<p>Este tipo de IVA podr\u00e1 ser aplicado en las compras realizadas por entidades p\u00fablicas pero tambi\u00e9n por <strong>entidades sin fin de lucro<\/strong> que se consideren <strong>entidades de car\u00e1cter social<\/strong> <strong>conforme<\/strong> a la normativa del <strong>IVA<\/strong> (art\u00edculo 20.Tres de la Ley 37\/1992).<\/p>\n<p>Recordamos que <strong>esta<\/strong> <strong>condici\u00f3n<\/strong> se adquiere de manera <strong>autom\u00e1tica<\/strong> por aquellas <strong>entidades sin fines de lucro<\/strong> (asociaciones, federaciones, confederaciones, fundaciones) que presten <strong>servicios de asistencia social, servicios deportivos u otros servicios de inter\u00e9s cultural<\/strong> (tal y como se definen en el art\u00edculo 20.Uno apartados 8\u00ba, 13\u00ba y 14\u00ba de la Ley 37\/1992) y que, adem\u00e1s, <strong>cumplan<\/strong> estos <strong>tres<\/strong> <strong>requisitos<\/strong>:<\/p>\n<ul>\n<li><strong>Carecer de finalidad lucrativa<\/strong> y dedicar, en su caso, los beneficios eventualmente obtenidos al desarrollo de actividades exentas de id\u00e9ntica naturaleza.<\/li>\n<li>Los <strong>cargos<\/strong> de presidente, patrono o representante legal deber\u00e1n ser <strong>gratuitos<\/strong> y carecer de inter\u00e9s en los resultados econ\u00f3micos de la explotaci\u00f3n por s\u00ed mismos o a trav\u00e9s de persona interpuesta.<\/li>\n<li>Los <strong>socios<\/strong>, comuneros o part\u00edcipes de las entidades o establecimientos y sus c\u00f3nyuges o parientes consangu\u00edneos, hasta el segundo grado inclusive, <strong>no podr\u00e1n ser destinatarios principales de las operaciones exentas<\/strong> ni gozar de condiciones especiales en la prestaci\u00f3n de los servicios.<\/li>\n<\/ul>\n<p>Este \u00faltimo requisito no se aplicar\u00e1 cuando se trate de las prestaciones de servicios de servicios sociales ni de deporte o educaci\u00f3n f\u00edsica (tal y como se describen estas actividades en el apartado Uno, n\u00fameros 8.\u00ba y 13.\u00ba del art\u00edculo 20 de la ley 37\/1992).<\/p>\n<p>Como el RDL indica que estas ventas deber\u00e1n ser documentadas con facturas con el IVA al cero % (indicando que son ventas exentas) <strong>interpretamos que ser\u00e1 obligaci\u00f3n de la entidad sin fin de lucro aportar una declaraci\u00f3n al vendedor<\/strong> conforme cumple los requisitos exigidos en la norma para dicha emisi\u00f3n sin IVA y as\u00ed aprovecharse de este ahorro fiscal.<\/p>\n<p>&nbsp;<\/p>\n<p><strong>Servicio econ\u00f3mico y jur\u00eddico de Algalia<\/strong><\/p>","protected":false},"excerpt":{"rendered":"<p>Recientemente se ha ampliado la posibilidad de seguir adquiriendo bienes necesarios para combatir los efectos de la Covid-19 a algunas entidades. Esta ampliaci\u00f3n est\u00e1 detallada en la Disposici\u00f3n Adicional Primera del RDL 7\/2021. \u00bfC\u00f3mo queda? Entre\u00a0 el 1 de mayo y el 31 de diciembre de 2021 se aplicar\u00e1 el tipo\u00a0 De IVA del 0% [&hellip;]<\/p>\n","protected":false},"author":3,"featured_media":10319,"comment_status":"closed","ping_status":"closed","sticky":false,"template":"","format":"standard","meta":[],"categories":[11],"tags":[38,19],"_links":{"self":[{"href":"https:\/\/algalia.com\/es\/wp-json\/wp\/v2\/posts\/10317"}],"collection":[{"href":"https:\/\/algalia.com\/es\/wp-json\/wp\/v2\/posts"}],"about":[{"href":"https:\/\/algalia.com\/es\/wp-json\/wp\/v2\/types\/post"}],"author":[{"embeddable":true,"href":"https:\/\/algalia.com\/es\/wp-json\/wp\/v2\/users\/3"}],"replies":[{"embeddable":true,"href":"https:\/\/algalia.com\/es\/wp-json\/wp\/v2\/comments?post=10317"}],"version-history":[{"count":11,"href":"https:\/\/algalia.com\/es\/wp-json\/wp\/v2\/posts\/10317\/revisions"}],"predecessor-version":[{"id":10334,"href":"https:\/\/algalia.com\/es\/wp-json\/wp\/v2\/posts\/10317\/revisions\/10334"}],"wp:featuredmedia":[{"embeddable":true,"href":"https:\/\/algalia.com\/es\/wp-json\/wp\/v2\/media\/10319"}],"wp:attachment":[{"href":"https:\/\/algalia.com\/es\/wp-json\/wp\/v2\/media?parent=10317"}],"wp:term":[{"taxonomy":"category","embeddable":true,"href":"https:\/\/algalia.com\/es\/wp-json\/wp\/v2\/categories?post=10317"},{"taxonomy":"post_tag","embeddable":true,"href":"https:\/\/algalia.com\/es\/wp-json\/wp\/v2\/tags?post=10317"}],"curies":[{"name":"wp","href":"https:\/\/api.w.org\/{rel}","templated":true}]}}